{"id":124685,"date":"2014-05-31T08:50:47","date_gmt":"2014-05-31T08:50:47","guid":{"rendered":"http:\/\/www.fuldaer-nachrichten.de\/?p=124685"},"modified":"2014-05-31T08:50:47","modified_gmt":"2014-05-31T08:50:47","slug":"a-cappella-konzert-mit-intermezzo-6","status":"publish","type":"post","link":"https:\/\/www.fuldaernachrichten.de\/?p=124685","title":{"rendered":"A-Cappella-Konzert mit InterMezzo"},"content":{"rendered":"<p>Bad Salzschlirf. Am Mittwoch, dem 4. Juni, findet um 19.30 Uhr ein A-Cappella-Konzert mit dem Fuldaer Vokalensemble &#8220;InterMezzo&#8221; in der Kirche am Kurpark in Bad Salzschlirf statt. Das breitgef\u00e4cherte Repertoire des Ensembles reicht von anspruchsvoller geistlicher Musik \u00fcber hochinteressante A-Cappella-S\u00e4tze von Volksliedern bis hin zu gef\u00fchlvollen Pop-Arrangements, z. B. im Stil der Kings Singers. Internationale Vokal-Musik aus vielen Stilrichtungen, in vier- bis achtstimmigen S\u00e4tzen, versprechen ein besonderes und abwechslungsreiches H\u00f6rvergn\u00fcgen. Der Eintritt ist frei.<\/p>\n","protected":false},"excerpt":{"rendered":"<div class=\"tmnf_excerpt\"><p>Bad Salzschlirf. Am Mittwoch, dem 4. Juni, findet um 19.30 Uhr ein A-Cappella-Konzert mit dem Fuldaer Vokalensemble &#8220;InterMezzo&#8221; in der Kirche am Kurpark in Bad Salzschlirf statt. Das breitgef\u00e4cherte Repertoire des Ensembles reicht von anspruchsvoller geistlicher Musik \u00fcber hochinteressante A-Cappella-S\u00e4tze von Volksliedern bis hin zu gef\u00fchlvollen Pop-Arrangements, z. B. im Stil der Kings Singers. Internationale &hellip;<\/p>\n<\/div>","protected":false},"author":1,"featured_media":0,"comment_status":"closed","ping_status":"closed","sticky":false,"template":"","format":"standard","meta":{"footnotes":""},"categories":[1,44],"tags":[],"class_list":["post-124685","post","type-post","status-publish","format-standard","hentry","category-startseite","category-kultur"],"_links":{"self":[{"href":"https:\/\/www.fuldaernachrichten.de\/index.php?rest_route=\/wp\/v2\/posts\/124685","targetHints":{"allow":["GET"]}}],"collection":[{"href":"https:\/\/www.fuldaernachrichten.de\/index.php?rest_route=\/wp\/v2\/posts"}],"about":[{"href":"https:\/\/www.fuldaernachrichten.de\/index.php?rest_route=\/wp\/v2\/types\/post"}],"author":[{"embeddable":true,"href":"https:\/\/www.fuldaernachrichten.de\/index.php?rest_route=\/wp\/v2\/users\/1"}],"replies":[{"embeddable":true,"href":"https:\/\/www.fuldaernachrichten.de\/index.php?rest_route=%2Fwp%2Fv2%2Fcomments&post=124685"}],"version-history":[{"count":1,"href":"https:\/\/www.fuldaernachrichten.de\/index.php?rest_route=\/wp\/v2\/posts\/124685\/revisions"}],"predecessor-version":[{"id":124686,"href":"https:\/\/www.fuldaernachrichten.de\/index.php?rest_route=\/wp\/v2\/posts\/124685\/revisions\/124686"}],"wp:attachment":[{"href":"https:\/\/www.fuldaernachrichten.de\/index.php?rest_route=%2Fwp%2Fv2%2Fmedia&parent=124685"}],"wp:term":[{"taxonomy":"category","embeddable":true,"href":"https:\/\/www.fuldaernachrichten.de\/index.php?rest_route=%2Fwp%2Fv2%2Fcategories&post=124685"},{"taxonomy":"post_tag","embeddable":true,"href":"https:\/\/www.fuldaernachrichten.de\/index.php?rest_route=%2Fwp%2Fv2%2Ftags&post=124685"}],"curies":[{"name":"wp","href":"https:\/\/api.w.org\/{rel}","templated":true}]}}