{"id":124682,"date":"2014-05-31T08:49:29","date_gmt":"2014-05-31T08:49:29","guid":{"rendered":"http:\/\/www.fuldaer-nachrichten.de\/?p=124682"},"modified":"2014-05-31T08:49:29","modified_gmt":"2014-05-31T08:49:29","slug":"mitarbeiterinnen-und-mitarbeiter-der-stadt-fulda-sind-fit-55-sportabzeichen-wurden-verliehen","status":"publish","type":"post","link":"https:\/\/www.fuldaernachrichten.de\/?p=124682","title":{"rendered":"Mitarbeiterinnen und Mitarbeiter der Stadt Fulda sind fit &#8211; 55 Sportabzeichen wurden verliehen"},"content":{"rendered":"<p><a href=\"http:\/\/www.fuldaer-nachrichten.de\/wp-content\/uploads\/2014\/05\/DSC_0047.jpg\"><img decoding=\"async\" class=\"alignleft size-thumbnail wp-image-124683\" src=\"http:\/\/www.fuldaer-nachrichten.de\/wp-content\/uploads\/2014\/05\/DSC_0047-265x177.jpg\" alt=\"DSC_0047\" width=\"265\" height=\"177\" srcset=\"https:\/\/www.fuldaernachrichten.de\/wp-content\/uploads\/2014\/05\/DSC_0047-265x177.jpg 265w, https:\/\/www.fuldaernachrichten.de\/wp-content\/uploads\/2014\/05\/DSC_0047.jpg 600w\" sizes=\"(max-width: 265px) 100vw, 265px\" \/><\/a>Fulda (mal). Oberb\u00fcrgermeister Gerhard M\u00f6ller hat mit der Beauftragten f\u00fcr das Sportabzeichen des Sportkreises Fulda-H\u00fcnfeld, Doris Herscu, das Sportabzeichen an Mitarbeiterinnen und Mitarbeiter sowie an Feuerwehrfrauen und -m\u00e4nner der Stadt Fulda verliehen. Im Jahr 2013 haben 16 Mitarbeiterinnen und Mitarbeiter der Stadtverwaltung sowie 39 Feuerwehrfrauen und -m\u00e4nner die verschiedenen Disziplinen zum Erhalt des Abzeichens erfolgreich absolviert. &#8220;Ich freue mich, dass Jahr f\u00fcr Jahr zahlreiche die Verwaltungsmitarbeiter einen neuen Ansporn finden und daran teilnehmen. Dabei werden die Normen nicht nur getroffen, sondern auch deutlich \u00fcbertroffen&#8221;, sagte Oberb\u00fcrgermeister Gerhard M\u00f6ller.<!--more--><\/p>\n<p>Doris Herscu bedankte sich bei der Stadt Fulda f\u00fcr die Bereitstellung der Infrastrukturen. &#8220;Wir d\u00fcrfen immer wieder im Stadion trainieren und die Pr\u00fcfungen durchf\u00fchren. Diese Offenheit ist nicht \u00fcberall selbstverst\u00e4ndlich&#8221;, wie Herscu betonte.<\/p>\n<p>Das Sportabzeichen, das seit 1912 existiert, ist der einzige Ehrenorden, den man selbst erwerben kann. Die Teilnehmerinnen und Teilnehmer werden in f\u00fcnf Disziplinen, die sie aus einer Liste w\u00e4hlen, gepr\u00fcft. Sie m\u00fcssen ihre Ausdauer, Kraft, Schnelligkeit und Koordination sowie ihre Schwimmfertigkeit beweisen. Es wird in Bronze, Silber und Gold vergeben.<\/p>\n<p>Wer sich f\u00fcr das Sportabzeichen interessiert, kann sich bei Frau Doris Herscu unter der Telefonnummer 0661 120-1406 melden oder beim w\u00f6chentlichen Trainings- und Pr\u00fcfungstermin im Fuldaer Stadion, jeweils dienstags von 18 bis 20 Uhr, mitmachen.<\/p>\n","protected":false},"excerpt":{"rendered":"<div class=\"tmnf_excerpt\"><p>Fulda (mal). Oberb\u00fcrgermeister Gerhard M\u00f6ller hat mit der Beauftragten f\u00fcr das Sportabzeichen des Sportkreises Fulda-H\u00fcnfeld, Doris Herscu, das Sportabzeichen an Mitarbeiterinnen und Mitarbeiter sowie an Feuerwehrfrauen und -m\u00e4nner der Stadt Fulda verliehen. Im Jahr 2013 haben 16 Mitarbeiterinnen und Mitarbeiter der Stadtverwaltung sowie 39 Feuerwehrfrauen und -m\u00e4nner die verschiedenen Disziplinen zum Erhalt des Abzeichens erfolgreich &hellip;<\/p>\n<\/div>","protected":false},"author":1,"featured_media":0,"comment_status":"closed","ping_status":"closed","sticky":false,"template":"","format":"standard","meta":{"footnotes":""},"categories":[1,46],"tags":[],"class_list":["post-124682","post","type-post","status-publish","format-standard","hentry","category-startseite","category-sport"],"_links":{"self":[{"href":"https:\/\/www.fuldaernachrichten.de\/index.php?rest_route=\/wp\/v2\/posts\/124682","targetHints":{"allow":["GET"]}}],"collection":[{"href":"https:\/\/www.fuldaernachrichten.de\/index.php?rest_route=\/wp\/v2\/posts"}],"about":[{"href":"https:\/\/www.fuldaernachrichten.de\/index.php?rest_route=\/wp\/v2\/types\/post"}],"author":[{"embeddable":true,"href":"https:\/\/www.fuldaernachrichten.de\/index.php?rest_route=\/wp\/v2\/users\/1"}],"replies":[{"embeddable":true,"href":"https:\/\/www.fuldaernachrichten.de\/index.php?rest_route=%2Fwp%2Fv2%2Fcomments&post=124682"}],"version-history":[{"count":1,"href":"https:\/\/www.fuldaernachrichten.de\/index.php?rest_route=\/wp\/v2\/posts\/124682\/revisions"}],"predecessor-version":[{"id":124684,"href":"https:\/\/www.fuldaernachrichten.de\/index.php?rest_route=\/wp\/v2\/posts\/124682\/revisions\/124684"}],"wp:attachment":[{"href":"https:\/\/www.fuldaernachrichten.de\/index.php?rest_route=%2Fwp%2Fv2%2Fmedia&parent=124682"}],"wp:term":[{"taxonomy":"category","embeddable":true,"href":"https:\/\/www.fuldaernachrichten.de\/index.php?rest_route=%2Fwp%2Fv2%2Fcategories&post=124682"},{"taxonomy":"post_tag","embeddable":true,"href":"https:\/\/www.fuldaernachrichten.de\/index.php?rest_route=%2Fwp%2Fv2%2Ftags&post=124682"}],"curies":[{"name":"wp","href":"https:\/\/api.w.org\/{rel}","templated":true}]}}