{"id":124679,"date":"2014-05-31T08:47:12","date_gmt":"2014-05-31T08:47:12","guid":{"rendered":"http:\/\/www.fuldaer-nachrichten.de\/?p=124679"},"modified":"2014-05-31T08:47:12","modified_gmt":"2014-05-31T08:47:12","slug":"gebrannte-erde-aus-franken-und-hessen-grosse-fayence-und-steinzeug-ausstellung-im-vonderau-museum","status":"publish","type":"post","link":"https:\/\/www.fuldaernachrichten.de\/?p=124679","title":{"rendered":"\u201eGebrannte Erde aus Franken und Hessen\u201c: Gro\u00dfe Fayence- und Steinzeug-Ausstellung im Vonderau Museum"},"content":{"rendered":"<p><a href=\"http:\/\/www.fuldaer-nachrichten.de\/wp-content\/uploads\/2014\/05\/Neuner-Band-1_20.jpg\"><img fetchpriority=\"high\" decoding=\"async\" class=\"alignleft size-thumbnail wp-image-124680\" src=\"http:\/\/www.fuldaer-nachrichten.de\/wp-content\/uploads\/2014\/05\/Neuner-Band-1_20-265x514.jpg\" alt=\"Neuner Band 1_20\" width=\"265\" height=\"514\" srcset=\"https:\/\/www.fuldaernachrichten.de\/wp-content\/uploads\/2014\/05\/Neuner-Band-1_20-265x514.jpg 265w, https:\/\/www.fuldaernachrichten.de\/wp-content\/uploads\/2014\/05\/Neuner-Band-1_20-136x265.jpg 136w, https:\/\/www.fuldaernachrichten.de\/wp-content\/uploads\/2014\/05\/Neuner-Band-1_20.jpg 600w\" sizes=\"(max-width: 265px) 100vw, 265px\" \/><\/a>Fulda. Insgesamt fast 300 feinkeramische Objekte vom fr\u00fchen 17. bis zum Ende des 18. Jahrhunderts aus der Privat-Sammlung von Helmut Neuner werden in der neuen Sonderausstellung im Vonderau Museum gezeigt. Stolz und zufrieden hat Museumsleiter Dr. Gregor Stasch als Kurator die Pr\u00e4sentation der Fayence-Sammlung von Helmut Neuner aus R\u00fcckersdorf bei N\u00fcrnberg er\u00f6ffnet. Diese wird unter dem Titel \u201eGebrannte Erde aus Franken und Hessen \u2013 Fayencen und Steinzeug aus der Sammlung Helmut Neuner\u201c vom 24. Mai bis 13. Juli 2014 der \u00d6ffentlichkeit pr\u00e4sentiert.<!--more--><\/p>\n<p>Neuners Privat-Sammlung steht in Zusammenhang mit dem wichtigen Bestand der Fayencen aus der hiesigen Fayence-Manufaktur im Vonderau Museum. Die Fuldaer Manufaktur wurde durch F\u00fcrstabt Amand von Buseck (reg. 1737 \u2013 1756) unter k\u00fcnstlerischer Leitung des aus Mei\u00dfen geflohenen Malers Adam Friedrich von L\u00f6wenfinck im Jahr 1741 gegr\u00fcndet. Neuners Sammlung umfasst Erzeugnisse der N\u00fcrnberger Manufaktur, der fr\u00e4nkischen und hessischen Fayence-Manufakturen sowie Produkte aus anderen Regionen. Teile seiner Sammlung wurden in der Vergangenheit bereits im N\u00fcrnberger Stadtmuseum Fembohaus ausgestellt.<\/p>\n<p>Der Sammler Helmut Neuner, der seine Sammlung schon immer interessierten Fachkollegen zug\u00e4nglich gemacht hat, hat seinen gesamten Fayence-Bestand gemeinsam mit Dr. Alfred Ziffer in zwei B\u00e4nden publiziert. Die Kataloge \u201eMalerei und Feuerkunst. Fayencen der Sammlung Neuner, Bd.1 (2005) und Bd. 2 (2012)\u201c sind an der Museumskasse erh\u00e4ltlich. F\u00fchrungen mit dem Kurator und Museumsleiter Dr. Gregor Stasch sowie Andreas Neuner werden an den Sonntagen, 15. Juni und am 13. Juli\u00c2\u00a0 2014 um jeweils 15.00 Uhr und nach Vereinbarung angeboten.<\/p>\n","protected":false},"excerpt":{"rendered":"<div class=\"tmnf_excerpt\"><p>Fulda. Insgesamt fast 300 feinkeramische Objekte vom fr\u00fchen 17. bis zum Ende des 18. Jahrhunderts aus der Privat-Sammlung von Helmut Neuner werden in der neuen Sonderausstellung im Vonderau Museum gezeigt. Stolz und zufrieden hat Museumsleiter Dr. Gregor Stasch als Kurator die Pr\u00e4sentation der Fayence-Sammlung von Helmut Neuner aus R\u00fcckersdorf bei N\u00fcrnberg er\u00f6ffnet. Diese wird unter &hellip;<\/p>\n<\/div>","protected":false},"author":1,"featured_media":0,"comment_status":"closed","ping_status":"closed","sticky":false,"template":"","format":"standard","meta":{"footnotes":""},"categories":[1,44],"tags":[],"class_list":["post-124679","post","type-post","status-publish","format-standard","hentry","category-startseite","category-kultur"],"_links":{"self":[{"href":"https:\/\/www.fuldaernachrichten.de\/index.php?rest_route=\/wp\/v2\/posts\/124679","targetHints":{"allow":["GET"]}}],"collection":[{"href":"https:\/\/www.fuldaernachrichten.de\/index.php?rest_route=\/wp\/v2\/posts"}],"about":[{"href":"https:\/\/www.fuldaernachrichten.de\/index.php?rest_route=\/wp\/v2\/types\/post"}],"author":[{"embeddable":true,"href":"https:\/\/www.fuldaernachrichten.de\/index.php?rest_route=\/wp\/v2\/users\/1"}],"replies":[{"embeddable":true,"href":"https:\/\/www.fuldaernachrichten.de\/index.php?rest_route=%2Fwp%2Fv2%2Fcomments&post=124679"}],"version-history":[{"count":1,"href":"https:\/\/www.fuldaernachrichten.de\/index.php?rest_route=\/wp\/v2\/posts\/124679\/revisions"}],"predecessor-version":[{"id":124681,"href":"https:\/\/www.fuldaernachrichten.de\/index.php?rest_route=\/wp\/v2\/posts\/124679\/revisions\/124681"}],"wp:attachment":[{"href":"https:\/\/www.fuldaernachrichten.de\/index.php?rest_route=%2Fwp%2Fv2%2Fmedia&parent=124679"}],"wp:term":[{"taxonomy":"category","embeddable":true,"href":"https:\/\/www.fuldaernachrichten.de\/index.php?rest_route=%2Fwp%2Fv2%2Fcategories&post=124679"},{"taxonomy":"post_tag","embeddable":true,"href":"https:\/\/www.fuldaernachrichten.de\/index.php?rest_route=%2Fwp%2Fv2%2Ftags&post=124679"}],"curies":[{"name":"wp","href":"https:\/\/api.w.org\/{rel}","templated":true}]}}