{"id":124673,"date":"2014-05-31T08:40:46","date_gmt":"2014-05-31T08:40:46","guid":{"rendered":"http:\/\/www.fuldaer-nachrichten.de\/?p=124673"},"modified":"2014-05-31T08:40:46","modified_gmt":"2014-05-31T08:40:46","slug":"deutsche-palliativstiftung-begruesst-die-forderung-des-deutschen-aerztetages","status":"publish","type":"post","link":"https:\/\/www.fuldaernachrichten.de\/?p=124673","title":{"rendered":"Deutsche PalliativStiftung begr\u00fc\u00dft die Forderung des Deutschen \u00c4rztetages"},"content":{"rendered":"<p>Fulda. Der 117. Deutsche \u00c4rztetag begr\u00fc\u00dft das von Bundesgesundheitsminister Hermann Gr\u00f6he (CDU) angek\u00fcndigte Verbot der organisierten, gesch\u00e4fts- und gewerbsm\u00e4\u00dfigen Sterbehilfe. Dar\u00fcber hinaus sei die Bereitstellung der notwendigen finanziellen Mittel f\u00fcr eine bessere Betreuung von schwerstkranken und sterbenden Menschen, der fl\u00e4chendeckende Ausbau der Palliativversorgung sowie die St\u00e4rkung der Suizidpr\u00e4vention notwendig. Dies forderte der 117. Deutsche \u00c4rztetag in D\u00fcsseldorf. Es m\u00fcsse ein gesellschaftliches Klima der Unterst\u00fctzung, des sozialen Miteinanders und der geteilten Verantwortung geschaffen werden. <!--more--><\/p>\n<p>Organisierte Sterbehilfe erm\u00f6gliche kein Sterben in W\u00fcrde, sondern verstelle den Weg f\u00fcr eine ad\u00e4quate Behandlung und Unterst\u00fctzung Sterbenskranker, unterstrichen die Delegierten. Die Menschen ben\u00f6tigten in dieser schwierigen Situation die Hilfe von Angeh\u00f6rigen, Freunden, Nachbarn sowie von professionellen und ehrenamtlichen Begleitern. Dieser Herausforderung sollten sich alle gesellschaftlichen Bereiche stellen und konkrete Anstrengungen unternehmen, um die Rahmenbedingungen f\u00fcr ein w\u00fcrdiges Leben bis zuletzt zu verbessern.<\/p>\n<p>\u201eAufkl\u00e4rung tut Not. Zu wenige wissen, dass eine gute Palliativversorgung die sogenannte Sterbehilfe \u00fcberfl\u00fcssig macht. Wir brauchen jetzt dringend eine effektive \u00d6ffentlichkeitsarbeit f\u00fcr hospizlich-palliatives Denken\u201c, kommentiert Thomas Sitte, Vorstandsvorsitzender der Deutschen PalliativStiftung, die Diskussion. \u201eDie M\u00f6glichkeiten von Hospizarbeit und Palliativversorgung in der Bev\u00f6lkerung nach wie vor zu wenig bekannt sind\u201c, sagte Sitte und f\u00fcgte hinzu: Neben Aufkl\u00e4rungskampagnen f\u00fcr Impfungen und Fr\u00fcherkennung w\u00fcnscht sich Sitte auch fl\u00e4chendeckende Werbung f\u00fcr die Patientenrechte und Palliativversorgung am Lebensende.<\/p>\n<p>Der Fuldaer Arzt setzt sich mit der PalliativStiftung daf\u00fcr ein, dass das Wissen, das unn\u00f6tiges Leid verhindert werden kann, in der Gesellschaft weiter verbreitet wird. \u201eIch wei\u00df, dass der Wunsch nach Sterbehilfe oft aus Verzweiflung und Nicht-Wissen \u00fcber die palliative Versorgung heraus aufkommt, aber alle belastenden Symptome schwerstkranker Kinder und Erwachsener k\u00f6nnen gelindert werden.\u201c<\/p>\n<p>Die Deutsche PalliativStiftung setzt sich f\u00fcr eine fundierte Aufkl\u00e4rung ein. Sie bietet vielf\u00e4ltige Informationen zur Hospizarbeit und Palliativversorgung.<\/p>\n","protected":false},"excerpt":{"rendered":"<div class=\"tmnf_excerpt\"><p>Fulda. Der 117. Deutsche \u00c4rztetag begr\u00fc\u00dft das von Bundesgesundheitsminister Hermann Gr\u00f6he (CDU) angek\u00fcndigte Verbot der organisierten, gesch\u00e4fts- und gewerbsm\u00e4\u00dfigen Sterbehilfe. Dar\u00fcber hinaus sei die Bereitstellung der notwendigen finanziellen Mittel f\u00fcr eine bessere Betreuung von schwerstkranken und sterbenden Menschen, der fl\u00e4chendeckende Ausbau der Palliativversorgung sowie die St\u00e4rkung der Suizidpr\u00e4vention notwendig. Dies forderte der 117. Deutsche \u00c4rztetag &hellip;<\/p>\n<\/div>","protected":false},"author":1,"featured_media":0,"comment_status":"closed","ping_status":"closed","sticky":false,"template":"","format":"standard","meta":{"footnotes":""},"categories":[1,51],"tags":[],"class_list":["post-124673","post","type-post","status-publish","format-standard","hentry","category-startseite","category-medizin"],"_links":{"self":[{"href":"https:\/\/www.fuldaernachrichten.de\/index.php?rest_route=\/wp\/v2\/posts\/124673","targetHints":{"allow":["GET"]}}],"collection":[{"href":"https:\/\/www.fuldaernachrichten.de\/index.php?rest_route=\/wp\/v2\/posts"}],"about":[{"href":"https:\/\/www.fuldaernachrichten.de\/index.php?rest_route=\/wp\/v2\/types\/post"}],"author":[{"embeddable":true,"href":"https:\/\/www.fuldaernachrichten.de\/index.php?rest_route=\/wp\/v2\/users\/1"}],"replies":[{"embeddable":true,"href":"https:\/\/www.fuldaernachrichten.de\/index.php?rest_route=%2Fwp%2Fv2%2Fcomments&post=124673"}],"version-history":[{"count":1,"href":"https:\/\/www.fuldaernachrichten.de\/index.php?rest_route=\/wp\/v2\/posts\/124673\/revisions"}],"predecessor-version":[{"id":124674,"href":"https:\/\/www.fuldaernachrichten.de\/index.php?rest_route=\/wp\/v2\/posts\/124673\/revisions\/124674"}],"wp:attachment":[{"href":"https:\/\/www.fuldaernachrichten.de\/index.php?rest_route=%2Fwp%2Fv2%2Fmedia&parent=124673"}],"wp:term":[{"taxonomy":"category","embeddable":true,"href":"https:\/\/www.fuldaernachrichten.de\/index.php?rest_route=%2Fwp%2Fv2%2Fcategories&post=124673"},{"taxonomy":"post_tag","embeddable":true,"href":"https:\/\/www.fuldaernachrichten.de\/index.php?rest_route=%2Fwp%2Fv2%2Ftags&post=124673"}],"curies":[{"name":"wp","href":"https:\/\/api.w.org\/{rel}","templated":true}]}}