{"id":124670,"date":"2014-05-31T00:33:43","date_gmt":"2014-05-31T00:33:43","guid":{"rendered":"http:\/\/www.fuldaer-nachrichten.de\/?p=124670"},"modified":"2014-05-31T08:38:17","modified_gmt":"2014-05-31T08:38:17","slug":"buergerstiftung-grossenlueder-unterstuetzt-nachhaltige-projekte-als-glaubwuerdige-institution-etabliert","status":"publish","type":"post","link":"https:\/\/www.fuldaernachrichten.de\/?p=124670","title":{"rendered":"B\u00fcrgerstiftung Gro\u00dfenl\u00fcder unterst\u00fctzt nachhaltige Projekte &#8211; Als glaubw\u00fcrdige Institution etabliert"},"content":{"rendered":"<div id=\"attachment_124671\" style=\"width: 570px\" class=\"wp-caption alignnone\"><a href=\"http:\/\/www.fuldaer-nachrichten.de\/wp-content\/uploads\/2014\/05\/247-B\u00fcrgerstiftung1.jpg\"><img fetchpriority=\"high\" decoding=\"async\" aria-describedby=\"caption-attachment-124671\" class=\"size-full wp-image-124671\" src=\"http:\/\/www.fuldaer-nachrichten.de\/wp-content\/uploads\/2014\/05\/247-B\u00fcrgerstiftung1.jpg\" alt=\"Tag der Regionen im September 2013 in Gro\u00dfenl\u00fcder: Auch die B\u00fcrgerstiftung war mit dabei. Die Erwachsenen konnten sich informieren und die Kleinen etwas gewinnen. Fotos: privat  \" width=\"560\" height=\"410\" \/><\/a><p id=\"caption-attachment-124671\" class=\"wp-caption-text\">Tag der Regionen im September 2013 in Gro\u00dfenl\u00fcder: Auch die B\u00fcrgerstiftung war mit dabei. Die Erwachsenen konnten sich informieren und die Kleinen etwas gewinnen.<br \/>Fotos: privat<\/p><\/div>\n<p>Gro\u00dfenl\u00fcder. \u201eWir wollen Netzwerker sein, Menschen zusammenf\u00fchren, gute Ideen zum Wachsen bringen, Wissen weitergeben und zur Weiterentwicklung unserer Heimat beitragen.\u201c J\u00fcrgen Bien, Vorsitzender und Mit-Initiator der B\u00fcrgerstiftung Gro\u00dfenl\u00fcder, bringt die Philosophie der im Jahr 2010 gegr\u00fcndeten Stiftung auf den Punkt.<!--more--><\/p>\n<p>Was einst als Vision unter der Federf\u00fchrung der fr\u00fcheren B\u00fcrgermeisterin Silvia Hillenbrand initiiert worden war, hat sich in k\u00fcrzester Zeit zu einem Vorzeigeprojekt im Landkreis Fulda entwickelt. Die B\u00fcrgerstiftung will nachhaltige Projekte unterst\u00fctzen, die Lebensqualit\u00e4t vieler Menschen sp\u00fcrbar steigern und die Gemeinn\u00fctzigkeit ansto\u00dfen.<\/p>\n<p>In der Stifterversammlung wurden zahlreiche Stiftungszwecke definiert. Als F\u00f6rderbereiche nennt J\u00fcrgen Bien unter anderem die Kinder-, Jugend- und Altenhilfe, Kunst und Kultur sowie Natur und Umweltschutz. Au\u00dferdem k\u00fcmmert sich die B\u00fcrgerstiftung gezielt um besonders bed\u00fcrftige Personen. \u201eDurch ehrenamtliches Engagement verantwortungsbewusster Bu\u00cc\u02c6rger und Bu\u00cc\u02c6rgerinnen sollen neue L\u00f6sungsans\u00e4tze zur Gestaltung unseres Gemeinwesens gefunden werden\u201c, betont der Vorsitzende.<\/p>\n<p>Neben dem Vorstand \u2013 bestehend aus J\u00fcrgen Bien, Klaus Sch\u00f6nherr, Heike M\u00fcnker, Silvia Hillenbrand und G\u00fcnther Swoboda \u2013 fungiert das Kuratorium als zweites f\u00fchrendes Organ. Sowohl das Regierungspr\u00e4sidium Kassel als auch das Finanzamt Fulda beaufsichtigen und \u00fcberwachen die Stiftung. Die j\u00e4hrliche Stifterversammlung gibt transparent Rechenschaft \u00fcber alle zur\u00fcckliegenden und bevorstehenden Aktivit\u00e4ten.<\/p>\n<p>Bis man von einer Zukunft der B\u00fcrgerstiftung Gro\u00dfenl\u00fcder sprechen konnte, war es ein weiter Weg. \u201eInsgesamt nahmen die Vorbereitungen bis zur \u00f6ffentlichen Gr\u00fcndungsveranstaltung am 10. Juni 2010 im L\u00fcderhaus \u00fcber ein Jahr in Anspruch\u201c, erinnert sich Bien. Stiftungskapital wurde gesammelt, eine Verfassung als Grundlage f\u00fcr das Anerkennungsverfahren erarbeitet. Zudem galt es engagierte Menschen f\u00fcr die Gruppenarbeit zu finden. Das Finanzamt musste die Gemeinn\u00fctzigkeit genehmigen, au\u00dferdem wurden Flyer und Texte als Informationstr\u00e4ger erstellt. Am Abend der Geburtsstunde der Stiftung vor mittlerweile fast vier Jahren beantragten 95 Stifter mit einem Stiftungskapitel von knapp 67.000 Euro die \u201eB\u00fcrgerstiftung Gro\u00dfenl\u00fcder\u201c beim Regierungspr\u00e4sidenten in Kassel. Am 17. November 2010 war es schlie\u00dflich soweit: In einem feierlichen Festakt wurde der Anerkennungsbescheid \u00fcberreicht.<\/p>\n<p>Mittlerweile ist die Stiftung in Gro\u00dfenl\u00fcder fest verankert. B\u00fcrger, Unternehmer, Handwerker und Vereine br\u00e4chten sich mit ein und entwickelten praktikable L\u00f6sungsans\u00e4tze f\u00fcr Probleme vor der eigenen Haust\u00fcr, so Heike M\u00fcnker, zust\u00e4ndiges Vorstandsmitglied f\u00fcr den Bereich \u201eF\u00f6rderma\u00dfnahmen und Projekte\u201c. Um jedoch nachhaltig etwas bewegen zu k\u00f6nnen, muss das Stiftungskapital ausgebaut werden. Dazu ist die Stiftung auf Spenden angewiesen. Im vergangenen Jahr wurden unter anderem das Projekt \u201eNaturnaher Spielraum in Bimbach\u201c, eine vom Hochwasser gesch\u00e4digte Familie und die Fotoausstellung \u201eBimbach in alten Zeiten\u201c gef\u00f6rdert. Au\u00dferdem wurden B\u00fccher f\u00fcr die mobilen B\u00fccherschr\u00e4nke angeschafft. Das 2011 ins Leben gerufene Vorlese- wurde zum Erz\u00e4hlprojekt weiterentwickelt.<\/p>\n<p>Dem stellvertretenden Vorsitzenden Klaus Sch\u00f6nherr zufolge wird die B\u00fcrgerstiftung inzwischen als \u201eglaubw\u00fcrdige Institution\u201c wahrgenommen. F\u00fcr die Zukunft sei es wichtig, die Bed\u00fcrfnisse in der Gemeinde zu analysieren sowie die B\u00fcrgerstiftung selber wie auch weitere Projekte zu evaluieren. Somit werde sich die B\u00fcrgerstiftung einer r\u00fcckwirkenden Wirkungskontrolle stellen, eine vorausschauende Steuerung von Projekten vornehmen und \u00fcber diese \u201eZukunftsaufgabe\u00e2\u20ac\u009d die \u00d6ffentlichkeit informieren.<\/p>\n<p>\u201eGutes verbreiten, statt neu erfinden \u2013 Netzwerke nutzen, statt alleine zu agieren \u2013 das spart Zeit, Geld und Kraft und ist der beste Hebel, um mit einer Idee viel zu bewirken.\u201c Mit diesem Motto \u00fcbernimmt die B\u00fcrgerstiftung Gro\u00dfenl\u00fcder eine Vorbildfunktion f\u00fcr die gesamte Region.<\/p>\n<p><strong>Info<\/strong><\/p>\n<p>Wenn Sie mehr \u00fcber die B\u00fcrgerstiftung Gro\u00dfenl\u00fcder erfahren wollen, schauen Sie unter buergerstiftung-grossenlueder.de<\/p>\n<p>&nbsp;<\/p>\n<p>&nbsp;<\/p>\n<p>&nbsp;<\/p>\n","protected":false},"excerpt":{"rendered":"<div class=\"tmnf_excerpt\"><p>Gro\u00dfenl\u00fcder. \u201eWir wollen Netzwerker sein, Menschen zusammenf\u00fchren, gute Ideen zum Wachsen bringen, Wissen weitergeben und zur Weiterentwicklung unserer Heimat beitragen.\u201c J\u00fcrgen Bien, Vorsitzender und Mit-Initiator der B\u00fcrgerstiftung Gro\u00dfenl\u00fcder, bringt die Philosophie der im Jahr 2010 gegr\u00fcndeten Stiftung auf den Punkt.<\/p>\n<\/div>","protected":false},"author":1,"featured_media":0,"comment_status":"closed","ping_status":"closed","sticky":false,"template":"","format":"standard","meta":{"footnotes":""},"categories":[1,78],"tags":[],"class_list":["post-124670","post","type-post","status-publish","format-standard","hentry","category-startseite","category-topthema"],"_links":{"self":[{"href":"https:\/\/www.fuldaernachrichten.de\/index.php?rest_route=\/wp\/v2\/posts\/124670","targetHints":{"allow":["GET"]}}],"collection":[{"href":"https:\/\/www.fuldaernachrichten.de\/index.php?rest_route=\/wp\/v2\/posts"}],"about":[{"href":"https:\/\/www.fuldaernachrichten.de\/index.php?rest_route=\/wp\/v2\/types\/post"}],"author":[{"embeddable":true,"href":"https:\/\/www.fuldaernachrichten.de\/index.php?rest_route=\/wp\/v2\/users\/1"}],"replies":[{"embeddable":true,"href":"https:\/\/www.fuldaernachrichten.de\/index.php?rest_route=%2Fwp%2Fv2%2Fcomments&post=124670"}],"version-history":[{"count":1,"href":"https:\/\/www.fuldaernachrichten.de\/index.php?rest_route=\/wp\/v2\/posts\/124670\/revisions"}],"predecessor-version":[{"id":124672,"href":"https:\/\/www.fuldaernachrichten.de\/index.php?rest_route=\/wp\/v2\/posts\/124670\/revisions\/124672"}],"wp:attachment":[{"href":"https:\/\/www.fuldaernachrichten.de\/index.php?rest_route=%2Fwp%2Fv2%2Fmedia&parent=124670"}],"wp:term":[{"taxonomy":"category","embeddable":true,"href":"https:\/\/www.fuldaernachrichten.de\/index.php?rest_route=%2Fwp%2Fv2%2Fcategories&post=124670"},{"taxonomy":"post_tag","embeddable":true,"href":"https:\/\/www.fuldaernachrichten.de\/index.php?rest_route=%2Fwp%2Fv2%2Ftags&post=124670"}],"curies":[{"name":"wp","href":"https:\/\/api.w.org\/{rel}","templated":true}]}}