{"id":124668,"date":"2014-05-31T08:32:48","date_gmt":"2014-05-31T08:32:48","guid":{"rendered":"http:\/\/www.fuldaer-nachrichten.de\/?p=124668"},"modified":"2014-05-31T08:32:48","modified_gmt":"2014-05-31T08:32:48","slug":"musik-aus-tann-festkonzert-zum-125jaehrigen-bestehen-der-tanner-stadtkirche","status":"publish","type":"post","link":"https:\/\/www.fuldaernachrichten.de\/?p=124668","title":{"rendered":"Musik aus Tann &#8211; Festkonzert zum 125j\u00e4hrigen Bestehen der Tanner Stadtkirche"},"content":{"rendered":"<p>Tann. 2014 wird die Tanner Stadtkirche 125 Jahre alt. 1889 eingeweiht pr\u00e4gt das Gotteshaus bis heute das Tanner Stadtbild. Dieses Jubil\u00e4um ist Anlass f\u00fcr den Tanner Musiksommer, in die Musikgeschichte der Rh\u00f6nstadt und der Region zu blicken. Aus diesem lokalen und regionalen Fundus sch\u00f6pfen der Tanner Kirchenchor (Ltg. Thomas N\u00fcdling) und das Rathgeberensemble Fulda (Ltg. Ulrich Moormann) bei ihrem gemeinsamen Konzert \u201eMusik aus Tann\u201c am Pfingstsonntag, 8. Juni 2014, um 20 Uhr in der Stadtkirche zur Er\u00f6ffnung der Tanner Musiksommers 2014.<!--more--><\/p>\n<p>An der Georgenkirche \u2013 dem Vorg\u00e4ngerbau der heutigen Stadtkirche \u2013 war ein Spr\u00f6ssling des weit verzweigten Bach-Geschlechts \u00fcber zwanzig Jahre hinweg als Kantor t\u00e4tig war: <strong>Johann Michael Bach<\/strong>. 1745 in Struth bei Schmalkalden geboren, kam er 1768 bis 1778 und dann noch einmal 1785 bis 1796 in die Rh\u00f6nstadt und pr\u00e4gte hier die geistliche Musik. Von seinen elf noch erhaltenen Kantaten steht \u201eWie lieblich sind auf den Bergen\u201c auf dem Programm des Abends. Die Kantate f\u00fcr Chor, Soli und Orchester nimmt (mit Blick auf Johannes den T\u00e4ufer) das Kommen Jesu sowie die Notwendigkeit seiner Botschaft in den Blick.<\/p>\n<p>Hinzu tritt das erste Klavierkonzert in C-Dur, das Johann Michael um 1768 bei Johann Julius Hummel, einem der wichtigsten Musikverleger in der zweiten H\u00e4lfte des 18. Jahrhunderts, ver\u00f6ffentlicht hat. Damit reiht er sich in eine Reihe mit gro\u00dfen Komponisten seiner Zeit. Seine sechs Klavierkonzerte bilden als fr\u00fchklassische Werke ein Bindeglied zwischen der barocken, motivisch gepr\u00e4gten Musizierweise und des aufkommenden themendualistischen Prinzips der Klassik. Die langsamen S\u00e4tze atmen nicht nur eine wunderbare Ruhe, sondern sind von klangsch\u00f6ner Melodik gepr\u00e4gt.<\/p>\n<p>Der letzte Tanner Dekan <strong>Johannes Bornsch\u00fcrer<\/strong> (1625-1677) gab ein Jahr vor seinem Tod das \u201eThannische Gesangbuch\u201c heraus, das f\u00fcnf seiner selbstgedichteten Lieder enthielt. Als geistlicher Dichter stand er in der Nachfolge Johann Heermanns (1585-1647), zugleich aber auch unter der Einwirkung Paul Gerhardts (1607-1676), wenn er mit einfachen, aber innigen Worten schreibt. Seine Lieder stehen damit \u201eauf der Schwelle zwischen objektivem Glaubenslied im Geiste der Reformation und dem pers\u00f6nlichen Andachtslied, das auf den Charakter und Stil der pietistischen Kirchenlieddichtung vorausweist\u201c (Werner Merten), die weite Verbreitung fanden und noch heute in Gesangb\u00fcchern zu finden sind. Kirchenchor und Orchester musizieren aus diesem Fundus.<\/p>\n<p>Dieser historischen Musik aus Tann steht ein gro\u00dfes Chorwerk aus der Gegenwart gegen\u00fcber: <strong>Thomas N\u00fcdling<\/strong> dirigiert seine eigene \u201eThomasmesse\u201c in der Fassung f\u00fcr Chor, Solisten und Orchester. Der Titel verweist auf die Vollendung des Werkes am Gedenktag des Apostels Thomas(3. Juli 2011).Die in lateinischer Sprache verfasste Messe besteht aus Kyrie, Gloria, Sanctus und AgnusDei. Innerhalb ihrer strukturstarken Anlage stehen melodische Sch\u00f6nheit, harmonische Vollmundigkeit und rhythmische Energie im Vordergrund. Das Instrumentarium unterst\u00fctzt dieses volle und lebendige Klangbild.<\/p>\n<p>Als einziger Musiker, der nicht aus Tann stammt oder hier t\u00e4tig war, nimmt <strong>Andreas Hager<\/strong> (1818-1892) eine etwas popul\u00e4re Stelle im Konzert ein. Der Musiker, Komponist und Milit\u00e4rkapellmeister der K\u00f6niglich Bayerischen Armee widmete dem K\u00f6niglich Bayerischen Generalfeldmarschall <strong>Ludwig von der Tann<\/strong> (1815-1881) im Jahre 1871 seinen \u201eVon-der-Tann-Marsch\u201c. Diesen Marsch, der auf Motiven fr\u00e4nkischer Volkst\u00e4nze basiert, spielt das Rathgeberensemble in einer Fassung f\u00fcr klassisches Orchester.<\/p>\n<p>Sich der Bewahrung des musikalischen Erbes Tanns anzunehmen, ben\u00f6tigt nicht nur Idealismus, Lokalpatriotismus und gro\u00dfes ehrenamtliches Engagement, sondern auch solide Finanzen, die notwendige Arbeiten und Auslagen decken. Das musikgeschichtliche und musikwissenschaftliche Bestreben, Musik aus Tann in einem Konzert und dar\u00fcber hinaus zug\u00e4nglich zu machen, wurde daher von \u00f6ffentlicher Hand, von Stiftungen und Privatpersonen gro\u00dfz\u00fcgig gef\u00f6rdert, denen die Ausf\u00fchrenden und Organisatoren zu gro\u00dfem Dank verpflichtet sind:<\/p>\n<ul>\n<li>Evangelische Kirche Deutschland (EKD)<\/li>\n<li>Evangelische Kirche von Kurhessen Waldeck (EKKW)<\/li>\n<li>Hessisches Ministerium f\u00fcr Wissenschaft und Kunst<\/li>\n<li>Landkreis Fulda<\/li>\n<li>Stadt Tann (Rh\u00f6n)<\/li>\n<li>Sparkasse Fulda<\/li>\n<li>VR-Bank NordRh\u00f6n eG<\/li>\n<li>Rh\u00f6nENERGIE Fulda<\/li>\n<li>Landgraf-Moritz-Stiftung, Kassel<\/li>\n<li>Berthold Leibinger Stiftung, Ditzingen<\/li>\n<li>Kirchenmusikstiftung Ziegler, Paderborn<\/li>\n<\/ul>\n<p>Das Er\u00f6ffnungskonzert selbst wird zudem durch die Sparkasse Fulda und den Kultursommer Main-Kinzig-Fulda gef\u00f6rdert.<\/p>\n","protected":false},"excerpt":{"rendered":"<div class=\"tmnf_excerpt\"><p>Tann. 2014 wird die Tanner Stadtkirche 125 Jahre alt. 1889 eingeweiht pr\u00e4gt das Gotteshaus bis heute das Tanner Stadtbild. Dieses Jubil\u00e4um ist Anlass f\u00fcr den Tanner Musiksommer, in die Musikgeschichte der Rh\u00f6nstadt und der Region zu blicken. Aus diesem lokalen und regionalen Fundus sch\u00f6pfen der Tanner Kirchenchor (Ltg. Thomas N\u00fcdling) und das Rathgeberensemble Fulda (Ltg. &hellip;<\/p>\n<\/div>","protected":false},"author":1,"featured_media":0,"comment_status":"closed","ping_status":"closed","sticky":false,"template":"","format":"standard","meta":{"footnotes":""},"categories":[1,44],"tags":[],"class_list":["post-124668","post","type-post","status-publish","format-standard","hentry","category-startseite","category-kultur"],"_links":{"self":[{"href":"https:\/\/www.fuldaernachrichten.de\/index.php?rest_route=\/wp\/v2\/posts\/124668","targetHints":{"allow":["GET"]}}],"collection":[{"href":"https:\/\/www.fuldaernachrichten.de\/index.php?rest_route=\/wp\/v2\/posts"}],"about":[{"href":"https:\/\/www.fuldaernachrichten.de\/index.php?rest_route=\/wp\/v2\/types\/post"}],"author":[{"embeddable":true,"href":"https:\/\/www.fuldaernachrichten.de\/index.php?rest_route=\/wp\/v2\/users\/1"}],"replies":[{"embeddable":true,"href":"https:\/\/www.fuldaernachrichten.de\/index.php?rest_route=%2Fwp%2Fv2%2Fcomments&post=124668"}],"version-history":[{"count":1,"href":"https:\/\/www.fuldaernachrichten.de\/index.php?rest_route=\/wp\/v2\/posts\/124668\/revisions"}],"predecessor-version":[{"id":124669,"href":"https:\/\/www.fuldaernachrichten.de\/index.php?rest_route=\/wp\/v2\/posts\/124668\/revisions\/124669"}],"wp:attachment":[{"href":"https:\/\/www.fuldaernachrichten.de\/index.php?rest_route=%2Fwp%2Fv2%2Fmedia&parent=124668"}],"wp:term":[{"taxonomy":"category","embeddable":true,"href":"https:\/\/www.fuldaernachrichten.de\/index.php?rest_route=%2Fwp%2Fv2%2Fcategories&post=124668"},{"taxonomy":"post_tag","embeddable":true,"href":"https:\/\/www.fuldaernachrichten.de\/index.php?rest_route=%2Fwp%2Fv2%2Ftags&post=124668"}],"curies":[{"name":"wp","href":"https:\/\/api.w.org\/{rel}","templated":true}]}}