{"id":124651,"date":"2014-05-29T00:14:14","date_gmt":"2014-05-29T00:14:14","guid":{"rendered":"http:\/\/www.fuldaer-nachrichten.de\/?p=124651"},"modified":"2014-05-28T17:12:45","modified_gmt":"2014-05-28T17:12:45","slug":"gott-lebt-unser-leben-in-allen-farben-mit-200-menschen-beim-dioezesanfamilientag","status":"publish","type":"post","link":"https:\/\/www.fuldaernachrichten.de\/?p=124651","title":{"rendered":"\u201eGott lebt unser Leben in allen Farben mit\u201c \u2013 200 Menschen beim Di\u00f6zesanfamilientag"},"content":{"rendered":"<p><a href=\"http:\/\/www.fuldaer-nachrichten.de\/wp-content\/uploads\/2014\/05\/DSC013491.jpg\"><img fetchpriority=\"high\" decoding=\"async\" class=\"alignleft size-thumbnail wp-image-124653\" src=\"http:\/\/www.fuldaer-nachrichten.de\/wp-content\/uploads\/2014\/05\/DSC013491-265x198.jpg\" alt=\"DSC01349\" width=\"265\" height=\"198\" srcset=\"https:\/\/www.fuldaernachrichten.de\/wp-content\/uploads\/2014\/05\/DSC013491-265x198.jpg 265w, https:\/\/www.fuldaernachrichten.de\/wp-content\/uploads\/2014\/05\/DSC013491.jpg 600w\" sizes=\"(max-width: 265px) 100vw, 265px\" \/><\/a>Fulda. Dass dieser Tag bei herrlichem Wetter ein ganz bunter Tag war, ver\u00c2\u00addeut\u00c2\u00adlichten bereits zu Beginn des Familiengottes\u00c2\u00addienstes mehrere Kinder, die mit bunten Windr\u00e4dern durch die Kirche liefen. Sie wollten den Wind als Geist Gottes, die Freude und die Hoffnung sichtbar machen. \u201eGott lebt unser Leben in allen Farben mit\u201c, ermutigte Weihbischof Prof. Dr. Karlheinz Diez bei seiner besonders an die Kinder gerichteten Predigt und erweiterte das Farbenspiel durch das Symbol des Regen\u00c2\u00adbogens, der als Zeichen f\u00fcr den Bund Gottes mit den Menschen steht.<!--more--><\/p>\n<p>Diez verbrachte den ganzen Tag mit den Familien am Michaelshof in der Rh\u00f6n. Vor dem Gottesdienst am Vormittag sprach er frei und sehr anschaulich mit den Erwachsenen \u00fcber Ehe- und Familienthemen aus der Perspektive des Glaubens mit anschlie\u00dfendem Austausch in Kleingruppen. \u201eEs hat sich bew\u00e4hrt in einer solchen katechetischen Gruppenzeit besonders die Eltern und Paare anzusprechen, im Gottesdienst dann die Kinder\u201c, erl\u00e4uterte Thomas Bretz von der Familienseelsorge des Bistums und Mitverantwortlicher des Tages.<\/p>\n<p>Der Einladung des Seelsorgeamtes, der Familienferienst\u00e4tte Michaelshof, der kath. Familienbildungsst\u00e4tte Fulda, der Verb\u00e4nde Kolping, KAB, Familienbund der Katholiken und des F\u00f6rdervereins \u201eGemeinsam mit dem Micha\u00c2\u00adelshof e. V.\u201c waren 200 junge Menschen vom Freigericht im S\u00fcdwesten der Di\u00f6zese bis Kassel im Norden gefolgt.<\/p>\n<p><a href=\"http:\/\/www.fuldaer-nachrichten.de\/wp-content\/uploads\/2014\/05\/DSC01415.jpg\"><img decoding=\"async\" class=\"alignleft size-thumbnail wp-image-124655\" src=\"http:\/\/www.fuldaer-nachrichten.de\/wp-content\/uploads\/2014\/05\/DSC01415-265x198.jpg\" alt=\"DSC01415\" width=\"265\" height=\"198\" srcset=\"https:\/\/www.fuldaernachrichten.de\/wp-content\/uploads\/2014\/05\/DSC01415-265x198.jpg 265w, https:\/\/www.fuldaernachrichten.de\/wp-content\/uploads\/2014\/05\/DSC01415.jpg 600w\" sizes=\"(max-width: 265px) 100vw, 265px\" \/><\/a>Am Nachmittag f\u00fchrte die Jugendschola St. Peter und St. Paulus vom Petersberg Ausschnitte aus dem Musical \u201eLioba\u201c auf und begeisterte damit das Publikum. In einem an\u00c2\u00adschlie\u00c2\u00ad\u00dfenden Workshop konnten die Teil\u00c2\u00adneh\u00c2\u00admenden einen Einblick in die Jugendschola und das Ein\u00fcben von Musicalst\u00fccken gewinnen. Eine Kreativmeile bot den Kin\u00c2\u00addern die M\u00f6glichkeit Windr\u00e4der und Blu\u00c2\u00adment\u00f6pfe selber zu basteln, au\u00dferdem gab es eine Geocaching-Rallye und dauerhaftes Spiel- und Sportangebot. Thomas Hartung aus Kassel stellte in einem Workshop f\u00fcr die Erwachsenen die Kommunikationskurse \u201eEPL und KEK\u201c vor, Ewald Vogel vom Caritas\u00c2\u00adverband f\u00fchrte in das Projekt \u201eFamilie geht nur gemeinsam\u201c ein und Monika Goldbach und Eva-Lotte Neuhaus informierten \u00fcber das Programm \u201eKESS erziehen\u201c. Relindis Kn\u00f6chelmann von der Familienferienst\u00e4tte Michaelshof und Mitveranstwortliche dieses Tages lud mit Weihbischof Diez zu einem Gespr\u00e4chsworkshop \u00fcber Familie und Kirche ein.<\/p>\n<p>\u201eWir wollen die Chance nutzen und den Familien zuh\u00f6ren, was sie sich von der Kirche w\u00fcnschen\u201c, sagt Kn\u00f6chel\u00c2\u00admann. Ein Tanzworkshop mit Susanne Krenzer und Doroth\u00e9e Bretz erarbeitete einen liturgischen Tanz, den die Gruppe zur Schlussandacht am Ende des Tages als ein bewegtes Gebet vortrug. Pfarrer Carsten Noll aus Eckweisbach und der neue Seelsorgeamtsleiter Peter G\u00f6b assistierten Weihbischof Diez bei dem abschlie\u00dfenden M\u00f6glichkeit einer Familiensegnung, um den Familien einen pers\u00f6nlichen Segen mit auf den Weg zu geben. Danach gab es zur leiblichen St\u00e4rkung f\u00fcr den Heimweg die schon traditionelle Grillwurst.<\/p>\n<p><a href=\"http:\/\/www.fuldaer-nachrichten.de\/wp-content\/uploads\/2014\/05\/DSC01408.jpg\"><img decoding=\"async\" class=\"alignleft size-thumbnail wp-image-124654\" src=\"http:\/\/www.fuldaer-nachrichten.de\/wp-content\/uploads\/2014\/05\/DSC01408-265x198.jpg\" alt=\"DSC01408\" width=\"265\" height=\"198\" srcset=\"https:\/\/www.fuldaernachrichten.de\/wp-content\/uploads\/2014\/05\/DSC01408-265x198.jpg 265w, https:\/\/www.fuldaernachrichten.de\/wp-content\/uploads\/2014\/05\/DSC01408.jpg 600w\" sizes=\"(max-width: 265px) 100vw, 265px\" \/><\/a> <a href=\"http:\/\/www.fuldaer-nachrichten.de\/wp-content\/uploads\/2014\/05\/DSC01246.jpg\"><img loading=\"lazy\" decoding=\"async\" class=\"alignnone size-thumbnail wp-image-124656\" src=\"http:\/\/www.fuldaer-nachrichten.de\/wp-content\/uploads\/2014\/05\/DSC01246-265x198.jpg\" alt=\"DSC01246\" width=\"265\" height=\"198\" srcset=\"https:\/\/www.fuldaernachrichten.de\/wp-content\/uploads\/2014\/05\/DSC01246-265x198.jpg 265w, https:\/\/www.fuldaernachrichten.de\/wp-content\/uploads\/2014\/05\/DSC01246.jpg 600w\" sizes=\"(max-width: 265px) 100vw, 265px\" \/><\/a><\/p>\n<p>\u201eDieser Tag hat uns richtig gut getan, wir f\u00fchlen uns gest\u00e4rkt wie nach einem ganzen Einkehrwochenende\u201c, res\u00fcmierte eine Familie aus Fritzlar. Und ein Vater aus Petersberg: \u201eDas war f\u00fcr mich ein entspannter Tag: Die Kinder wurden bei den vielen ansprechenden Angeboten gut betreut und meine Frau und ich konnten uns mit Anderen bei Kaffee und Kuchen unterhalten und kompetente Workshops besuchen.\u201c Auch die Veranstalter waren mit dem Tag rundum zu\u00c2\u00adfrieden und freuen sich schon auf den n\u00e4chsten Di\u00f6zesanfamilientag in 2015.<\/p>\n","protected":false},"excerpt":{"rendered":"<div class=\"tmnf_excerpt\"><p>Fulda. Dass dieser Tag bei herrlichem Wetter ein ganz bunter Tag war, ver\u00c2\u00addeut\u00c2\u00adlichten bereits zu Beginn des Familiengottes\u00c2\u00addienstes mehrere Kinder, die mit bunten Windr\u00e4dern durch die Kirche liefen. Sie wollten den Wind als Geist Gottes, die Freude und die Hoffnung sichtbar machen. \u201eGott lebt unser Leben in allen Farben mit\u201c, ermutigte Weihbischof Prof. Dr. Karlheinz &hellip;<\/p>\n<\/div>","protected":false},"author":1,"featured_media":0,"comment_status":"closed","ping_status":"closed","sticky":false,"template":"","format":"standard","meta":{"footnotes":""},"categories":[1,50],"tags":[],"class_list":["post-124651","post","type-post","status-publish","format-standard","hentry","category-startseite","category-kirche"],"_links":{"self":[{"href":"https:\/\/www.fuldaernachrichten.de\/index.php?rest_route=\/wp\/v2\/posts\/124651","targetHints":{"allow":["GET"]}}],"collection":[{"href":"https:\/\/www.fuldaernachrichten.de\/index.php?rest_route=\/wp\/v2\/posts"}],"about":[{"href":"https:\/\/www.fuldaernachrichten.de\/index.php?rest_route=\/wp\/v2\/types\/post"}],"author":[{"embeddable":true,"href":"https:\/\/www.fuldaernachrichten.de\/index.php?rest_route=\/wp\/v2\/users\/1"}],"replies":[{"embeddable":true,"href":"https:\/\/www.fuldaernachrichten.de\/index.php?rest_route=%2Fwp%2Fv2%2Fcomments&post=124651"}],"version-history":[{"count":1,"href":"https:\/\/www.fuldaernachrichten.de\/index.php?rest_route=\/wp\/v2\/posts\/124651\/revisions"}],"predecessor-version":[{"id":124657,"href":"https:\/\/www.fuldaernachrichten.de\/index.php?rest_route=\/wp\/v2\/posts\/124651\/revisions\/124657"}],"wp:attachment":[{"href":"https:\/\/www.fuldaernachrichten.de\/index.php?rest_route=%2Fwp%2Fv2%2Fmedia&parent=124651"}],"wp:term":[{"taxonomy":"category","embeddable":true,"href":"https:\/\/www.fuldaernachrichten.de\/index.php?rest_route=%2Fwp%2Fv2%2Fcategories&post=124651"},{"taxonomy":"post_tag","embeddable":true,"href":"https:\/\/www.fuldaernachrichten.de\/index.php?rest_route=%2Fwp%2Fv2%2Ftags&post=124651"}],"curies":[{"name":"wp","href":"https:\/\/api.w.org\/{rel}","templated":true}]}}