{"id":124644,"date":"2014-05-30T00:12:33","date_gmt":"2014-05-30T00:12:33","guid":{"rendered":"http:\/\/www.fuldaer-nachrichten.de\/?p=124644"},"modified":"2014-05-28T16:55:41","modified_gmt":"2014-05-28T16:55:41","slug":"jugendhilfe-2018-flaechendeckend-und-bedarfsgerecht","status":"publish","type":"post","link":"https:\/\/www.fuldaernachrichten.de\/?p=124644","title":{"rendered":"Jugendhilfe 2018: fl\u00e4chendeckend und bedarfsgerecht"},"content":{"rendered":"<p><a href=\"http:\/\/www.fuldaer-nachrichten.de\/wp-content\/uploads\/2014\/05\/TeilnehmerKlausurtagung.jpg\"><img decoding=\"async\" class=\"alignleft size-thumbnail wp-image-124645\" src=\"http:\/\/www.fuldaer-nachrichten.de\/wp-content\/uploads\/2014\/05\/TeilnehmerKlausurtagung-265x116.jpg\" alt=\"TeilnehmerKlausurtagung\" width=\"265\" height=\"116\" srcset=\"https:\/\/www.fuldaernachrichten.de\/wp-content\/uploads\/2014\/05\/TeilnehmerKlausurtagung-265x116.jpg 265w, https:\/\/www.fuldaernachrichten.de\/wp-content\/uploads\/2014\/05\/TeilnehmerKlausurtagung.jpg 600w\" sizes=\"(max-width: 265px) 100vw, 265px\" \/><\/a>Vogelsbergkreis. \u201eWir brauchen ein starkes Jugendamt und eine funktionierende Partnerschaft mit der freien Jugendhilfe, um sozialr\u00e4umlich und pr\u00e4ventiv im Sinne der Kinder und Familien arbeiten zu k\u00f6nnen\u201c, sagt Jugenddezernent Peter Zielinski. Der Erste Kreisbeigeordnete des Vogelsbergkreises begr\u00fc\u00dfte Vertreterinnen und Vertreter von 15 freien Tr\u00e4gern der Jugendhilfe und des Jugendamtes zu einer gemeinsamen Klausurtagung im Schloss Buchenau bei Eiterfeld. \u201eWir wollen gemeinsam neue Wege beschreiten und an der Neuausrichtung der Kinder- und Jugendhilfe im Kreis arbeiten. Noch im Laufe dieses Jahres soll der Entwurf einer Konzeption stehen, die dem Jugendhilfeausschuss und der AG 78 vorgelegt werden kann.\u201c<!--more--><\/p>\n<p>Die AG 78 ist die Arbeitsgemeinschaft aus Kreis und anerkannten freien Tr\u00e4gern der Jugendhilfe; 78 deshalb, weil in Paragraf 78 des Achten Sozialgesetzbuches festgelegt ist, dass der Landkreis und die freien Tr\u00e4ger mit dem Blick aufs Wohl der Kinder und Jugendlichen Arbeitsgemeinschaften anstreben sollen, damit n\u00f6tige Ma\u00dfnahmen aufeinander abgestimmt werden. \u201eIm Vogelsbergkreis wird eine solche Zusammenarbeit schon seit vielen Jahren praktiziert. Jetzt soll es darum gehen, alle Ideen, Projekte und auch die schulbezogene Jugendsozialarbeit unter ein gemeinsames sozialr\u00e4umlich ausgerichtetes Dach in der Jugendhilfe zu bringen\u201c, erkl\u00e4rt Helmut Benner, stellvertretender Jugendamtsleiter.<\/p>\n<p>Ganz \u00e4hnlich dem k\u00fcrzlich gegr\u00fcndeten \u201eNetzwerk Erziehungsberatung\u201c soll durch die Kooperation aller Anbieter die Konzentration auf wenige Standorte im Kreis aufgehoben werden. Und die Unterst\u00fctzungsangebote an die Kinder und Familien sollen sich noch mehr als bisher nach dem konkreten Bedarf des einzelnen Menschen richten. \u201eVielleicht reicht manchmal schon ein kleiner Tipp, oder es hilft einer jungen Mutter, dass ihr eine Familienpatin zur Seite steht.\u201c Durch das gegenseitige Kennenlernen untereinander wie auch der einzelnen Angebote wissen die Fachleute, an wen sie bei den jeweiligen Fragen und Problemen verweisen k\u00f6nnen \u2013 es gibt dann nicht mehr nur die eigenen zwei Schubladen, sondern viele weitere, in die man ebenso zuordnen kann.<\/p>\n<p>Grunds\u00e4tzlich soll jeder genau die Unterst\u00fctzung erhalten, die er ben\u00f6tigt \u2013 nicht mehr und nicht weniger, egal von welcher Stelle. \u201eWenn wir solch eine Struktur in der Zusammenarbeit hinbekommen, reicht vielleicht in ganz vielen F\u00e4llen ein kleines Pflaster oder auch ein Verband aus, wo sonst das Jugendamt als Feuerwehr mit Notarzt ausger\u00fcckt w\u00e4re\u201c, veranschaulicht der stellvertretende Jugendamtsleiter. Und das bedeute letztendlich auch eine Senkung der \u201eentsetzlich hohen Kosten in der Jugendhilfe\u201c.<\/p>\n<p>Als Gastreferent stellte der Jugendamtsleiter aus Husum das deutschlandweit beachtete Sozialraummodell Nordfrieslands vor. Auch wenn dieses nicht komplett auf den Vogelsbergkreis \u00fcbertragbar ist, liefert es doch wertvolle Anregungen f\u00fcr die Konzeption. In Nordfriesland hat sich die Neuausrichtung auch finanziell schon bew\u00e4hrt: Dort stiegen die j\u00e4hrlichen Kosten in der Jugendhilfe mit nur 1 Prozent deutlich weniger als im Durchschnitt.<\/p>\n","protected":false},"excerpt":{"rendered":"<div class=\"tmnf_excerpt\"><p>Vogelsbergkreis. \u201eWir brauchen ein starkes Jugendamt und eine funktionierende Partnerschaft mit der freien Jugendhilfe, um sozialr\u00e4umlich und pr\u00e4ventiv im Sinne der Kinder und Familien arbeiten zu k\u00f6nnen\u201c, sagt Jugenddezernent Peter Zielinski. Der Erste Kreisbeigeordnete des Vogelsbergkreises begr\u00fc\u00dfte Vertreterinnen und Vertreter von 15 freien Tr\u00e4gern der Jugendhilfe und des Jugendamtes zu einer gemeinsamen Klausurtagung im Schloss &hellip;<\/p>\n<\/div>","protected":false},"author":1,"featured_media":0,"comment_status":"closed","ping_status":"closed","sticky":false,"template":"","format":"standard","meta":{"footnotes":""},"categories":[1],"tags":[],"class_list":["post-124644","post","type-post","status-publish","format-standard","hentry","category-startseite"],"_links":{"self":[{"href":"https:\/\/www.fuldaernachrichten.de\/index.php?rest_route=\/wp\/v2\/posts\/124644","targetHints":{"allow":["GET"]}}],"collection":[{"href":"https:\/\/www.fuldaernachrichten.de\/index.php?rest_route=\/wp\/v2\/posts"}],"about":[{"href":"https:\/\/www.fuldaernachrichten.de\/index.php?rest_route=\/wp\/v2\/types\/post"}],"author":[{"embeddable":true,"href":"https:\/\/www.fuldaernachrichten.de\/index.php?rest_route=\/wp\/v2\/users\/1"}],"replies":[{"embeddable":true,"href":"https:\/\/www.fuldaernachrichten.de\/index.php?rest_route=%2Fwp%2Fv2%2Fcomments&post=124644"}],"version-history":[{"count":1,"href":"https:\/\/www.fuldaernachrichten.de\/index.php?rest_route=\/wp\/v2\/posts\/124644\/revisions"}],"predecessor-version":[{"id":124646,"href":"https:\/\/www.fuldaernachrichten.de\/index.php?rest_route=\/wp\/v2\/posts\/124644\/revisions\/124646"}],"wp:attachment":[{"href":"https:\/\/www.fuldaernachrichten.de\/index.php?rest_route=%2Fwp%2Fv2%2Fmedia&parent=124644"}],"wp:term":[{"taxonomy":"category","embeddable":true,"href":"https:\/\/www.fuldaernachrichten.de\/index.php?rest_route=%2Fwp%2Fv2%2Fcategories&post=124644"},{"taxonomy":"post_tag","embeddable":true,"href":"https:\/\/www.fuldaernachrichten.de\/index.php?rest_route=%2Fwp%2Fv2%2Ftags&post=124644"}],"curies":[{"name":"wp","href":"https:\/\/api.w.org\/{rel}","templated":true}]}}