{"id":124641,"date":"2014-05-30T00:10:59","date_gmt":"2014-05-30T00:10:59","guid":{"rendered":"http:\/\/www.fuldaer-nachrichten.de\/?p=124641"},"modified":"2014-05-28T16:54:27","modified_gmt":"2014-05-28T16:54:27","slug":"in-schotten-wurde-das-konzept-fuers-e-mobil-vorgestellt-start-vor-den-sommerferien","status":"publish","type":"post","link":"https:\/\/www.fuldaernachrichten.de\/?p=124641","title":{"rendered":"In Schotten wurde das Konzept f\u00fcrs E-Mobil vorgestellt \u2013 Start vor den Sommerferien"},"content":{"rendered":"<div id=\"attachment_124642\" style=\"width: 275px\" class=\"wp-caption alignleft\"><a href=\"http:\/\/www.fuldaer-nachrichten.de\/wp-content\/uploads\/2014\/05\/image0016.jpg\"><img decoding=\"async\" aria-describedby=\"caption-attachment-124642\" class=\"size-thumbnail wp-image-124642\" src=\"http:\/\/www.fuldaer-nachrichten.de\/wp-content\/uploads\/2014\/05\/image0016-265x143.jpg\" alt=\"Am Standort \u201eM4\u201c in der M\u00fchlgasse 4 in Schotten wird das Elektromobil der Nachbarschaftshilfe seinen festen Platz haben. Dort wird auch die Ladestation integriert werden. Unser Foto zeigt von links: Christoph Lange (Student), Dirk Dalichau (Universit\u00e4t Frankfurt), die Leiterin des Projekts, Prof. Dr. Birgit Bl\u00e4ttel-Mink, B\u00fcrgermeisterin Susanne Schaab, den Geografen Matthias Sebald (Vogelsbergkreis) und Hans Dieter Herget (Vorsitzender der Nachbarschaftshilfe Schotten). Erich Ruhl, Pressestelle Vogelsbergkreis\" width=\"265\" height=\"143\" srcset=\"https:\/\/www.fuldaernachrichten.de\/wp-content\/uploads\/2014\/05\/image0016-265x143.jpg 265w, https:\/\/www.fuldaernachrichten.de\/wp-content\/uploads\/2014\/05\/image0016.jpg 313w\" sizes=\"(max-width: 265px) 100vw, 265px\" \/><\/a><p id=\"caption-attachment-124642\" class=\"wp-caption-text\">Am Standort \u201eM4\u201c in der M\u00fchlgasse 4 in Schotten wird das Elektromobil der Nachbarschaftshilfe seinen festen Platz haben. Dort wird auch die Ladestation integriert werden. Unser Foto zeigt von links: Christoph Lange (Student), Dirk Dalichau (Universit\u00e4t Frankfurt), die Leiterin des Projekts, Prof. Dr. Birgit Bl\u00e4ttel-Mink, B\u00fcrgermeisterin Susanne Schaab, den Geografen Matthias Sebald (Vogelsbergkreis) und Hans Dieter Herget (Vorsitzender der Nachbarschaftshilfe Schotten). Erich Ruhl, Pressestelle Vogelsbergkreis<\/p><\/div>\n<p>Schotten. In Schotten im Vogelsbergkreis haben der Nachbarschaftshilfe-Verein und interessierte B\u00fcrgerinnen und B\u00fcrger mit Unterst\u00fctzung der Goethe-Universit\u00e4t Frankfurt ein Konzept f\u00fcr die Nutzung eines Elektroautos auf die Beine gestellt. Noch vor Beginn der Sommerferien soll ein kostenfreies Elektrofahrzeug f\u00fcr die Nachbarschaftshilfe zur Verf\u00fcgung stehen, freut sich dessen Vorsitzender Hans Dieter Herget.<!--more--><\/p>\n<p>Damit es mehr M\u00f6glichkeiten der Kontaktaufnahme f\u00fcr die B\u00fcrgerinnen und B\u00fcrger gibt, werden die B\u00fcrozeiten des Vereins in der M\u00fchlgasse 4 (\u201eM4\u201c) erweitert von jetzt zweimal auf dreimal die Woche. Herget machte bei der Konzeptvorstellung auf den \u201eDoppeleffekt\u201c aufmerksam, den das neue Fahrzeug bewirke: \u201eWir machen das Fahrzeug bekannt, und das Fahrzeug macht auf uns als Verein mit seinen 175 Mitgliedern und seinen vielen Unterst\u00fctzungsm\u00f6glichkeiten aufmerksam.\u201c<\/p>\n<p>Im Historischen Rathaus der Vogelsberg-Stadt Schotten erl\u00e4uterten die Fachleute im Detail, was in K\u00fcrze Wirklichkeit werden soll. Begleitet wird die Konzeptentwicklung vom Institut f\u00fcr Wirtschaft, Arbeit und Kultur (IWAK) an der Goethe-Universit\u00e4t Frankfurt am Main. Zwei weitere E-Mobil-Projekte werden gegenw\u00e4rtig in Lautertal und in Gem\u00fcnden von der B\u00fcrgerschaft auf den Weg gebracht (wir berichteten mehrfach).<\/p>\n<p>18 Monate lang werden ab Sommer 2014 B\u00fcrgerinnen und B\u00fcrger in Schotten \u2013 kostenfrei \u2013 neue Dienstleistungen des Nachbarschaftshilfe-Vereins in Anspruch nehmen k\u00f6nnen, weil es dann ein eigenes Fahrzeug f\u00fcr einen Hol- und Bring-Service geben wird. Das ist m\u00f6glich, weil \u201eE-Mobilit\u00e4t im Vogelsberg\u201c bundesweit ein Pilot-Projekt ist. Man will herausfinden, ob das geht: b\u00fcrgerorientierte Elektromobilit\u00e4t im l\u00e4ndlichen Raum.<br \/>\n<strong>\u00c2\u00a0<\/strong><br \/>\n<strong>Es geht um Technik, aber auch um Kommunikation<\/strong><\/p>\n<p>In mehreren Workshops haben nun die Vertreter mehrerer Vereine in Schotten wesentliche Fragen gekl\u00e4rt und ins Konzept hineingeschrieben: Wo soll das E-Mobil k\u00fcnftig stehen? Wo befindet sich der Autoschl\u00fcssel? Wer k\u00fcmmert sich darum, dass der \u201eTank\u201c, also die Stromladung voll ist? Welche Fahrtstrecken werden das k\u00fcnftig sein \u2013 wie ist das mit der Reichweite? Welches Buchungssystem \u2013 offline oder online? Das ist jetzt im Wesentlichen alles gekl\u00e4rt und aufgeschrieben.<\/p>\n<p>Die wichtige Frage: Welches Fahrzeug soll es sein? entscheidet sich in den n\u00e4chsten Wochen. Die Bestellung des Leasing-Fahrzeugs, das f\u00fcr alle W\u00fcnsche hinreichend gro\u00df sein wird, kann in kurzer Zeit abgewickelt werden, berichtet der Vogelsberger Projektleiter Matthias Sebald. Der Landkreis wird Leasingnehmer und Fahrzeughalter. Die Kosten werden \u00fcber das Projekt komplett finanziert.<\/p>\n<p><strong>Partizipation: Konzept f\u00fcr ein kostenfreies E-Mobil<\/strong><\/p>\n<p>Die Art der Konzeptentwicklung \u2013 n\u00e4mlich unter aktiver Einbindung der Nutzer \u2013 ist ein wesentlicher Grund, warum das Projekt ein \u201ePilot\u201c ist. Matthias Sebald berichtete vom Demografie-Projekt MORO im Vogelsbergkreis \u2013 hieraus entstand die Idee f\u00fcr die E-Mobilit\u00e4t. Mobilit\u00e4t im l\u00e4ndlichen Raum erweise sich als Querschnittsaufgabe. Der \u00d6PNV habe erhebliche L\u00fccken. Daher wolle man mit dieser Innovation mutig etwas Neues ausprobieren.<\/p>\n<p><strong>Aktive Vereine im Interesse der B\u00fcrgerschaft<\/strong><\/p>\n<p>Professorin Birgit Bl\u00e4ttel-Mink war am Montag ins Historische Rathaus nach Schotten gekommen, um die Ergebnisse der Ideensammlung der B\u00fcrgerschaft zu pr\u00e4sentieren. \u201eDas vulkanische Erbe des Vulkans hat ganz offensichtlich viel Energie freigegeben\u201c, beschrieb die Soziologin schmunzelnd den \u201espannenden Prozess\u201c. Es zeige sich bereits jetzt, dass Elektromobilit\u00e4t f\u00fcr den l\u00e4ndlichen Raum im Nahbereich einer Gro\u00dfgemeinde sehr gut geeignet sei. B\u00fcrgermeisterin Susanne Schaab sagte, sie sei \u201esehr stolz\u201c auf das, was die aktiven Vereine ihrer Stadt hier auf die Beine stellen.<\/p>\n<p>Neben der federf\u00fchrenden Nachbarschaftshilfe machen bei dem geplanten Hol- und Bring-Dienst mit Elektroauto auch der Seniorentreff, die Diakoniestation, der Kinderschutzbund, die Tafel, die Stadtbibliothek und die Stadt Schotten selbst mit. Wichtig bei der Umsetzung des Konzepts: das neue Auto ist nicht einfach ein Taxi, sondern der Bring-Service ist immer verbunden mit Dienstleistungen des Vereins. Beispiel: ein B\u00fcrger wird zum Facharzt gefahren \u2013 aber\u00c2\u00a0 nicht nur das: der ehrenamtliche Helfer bleibt mit im Wartezimmer und hilft bei Bedarf auch bei den Formalit\u00e4ten.<\/p>\n<p>Der Standort M\u00fchlgasse 4 (\u201eM4\u201c), an dem neben dem Kinderschutzbund und die Nachbarschaftshilfe auch das \u201eSoziale Beratungszentrum Schotten e.V.\u201c seinen Sitz hat, eignet sich nach den Worten von Hans Dieter Herget ausgezeichnet, weil hier alle \u201eBeratungs- und Unterst\u00fctzungsf\u00e4den\u201c zusammenlaufen. Die drei Vereine seien im Haus des alten Polizeipostens gut untergebracht und mehrere externe Dienste seien dort mit Sprechstunden pr\u00e4sent.<\/p>\n<p>\u201eM4\u201c im Zentrum der Stadt mache jeden Tag sichtbar, welche n\u00fctzlichen Angebote es hier gibt. Deswegen wird auch eine Ladestation f\u00fcr das Elektroauto dorthin kommen, um immer Schnellladungen zu erm\u00f6glichen. Dann ist das Fahrzeug nach zwei Stunden wieder einsatzbereit.<br \/>\n<strong>\u00c2\u00a0<\/strong><br \/>\n<strong>E-Mobile im Vogelsbergkreis \u2013 ein Forschungsprojekt<\/strong><\/p>\n<p>Es handelt sich um ein Forschungsprojekt, in dessen Zusammenhang neue Mobilit\u00e4tsformen ausprobiert werden sollen. F\u00fcr den Zeitraum von insgesamt 18 Monaten sollen B\u00fcrgerinnen und B\u00fcrger in Gem\u00fcnden, Schotten und Lautertal die M\u00f6glichkeit bekommen, ein gemeinschaftlich zu nutzendes Elektrofahrzeug auszuprobieren \u2013 kostenfrei. Wie in Gem\u00fcnden und Hopfmannsfeld interessieren sich aber auch in Schotten die B\u00fcrger und B\u00fcrgerinnen bereits heute daf\u00fcr, was nach den 18 Monaten geschieht, wenn die Pilotprojektphase vor\u00fcber sein wird. Klar ist: man will gemeinsam einen Weg finden, das Projekt dann mit einem Kostenanteil und\/oder \u00fcber Sponsoring weiterzuf\u00fchren.<\/p>\n","protected":false},"excerpt":{"rendered":"<div class=\"tmnf_excerpt\"><p>Schotten. In Schotten im Vogelsbergkreis haben der Nachbarschaftshilfe-Verein und interessierte B\u00fcrgerinnen und B\u00fcrger mit Unterst\u00fctzung der Goethe-Universit\u00e4t Frankfurt ein Konzept f\u00fcr die Nutzung eines Elektroautos auf die Beine gestellt. Noch vor Beginn der Sommerferien soll ein kostenfreies Elektrofahrzeug f\u00fcr die Nachbarschaftshilfe zur Verf\u00fcgung stehen, freut sich dessen Vorsitzender Hans Dieter Herget.<\/p>\n<\/div>","protected":false},"author":1,"featured_media":0,"comment_status":"closed","ping_status":"closed","sticky":false,"template":"","format":"standard","meta":{"footnotes":""},"categories":[1,35],"tags":[],"class_list":["post-124641","post","type-post","status-publish","format-standard","hentry","category-startseite","category-auto"],"_links":{"self":[{"href":"https:\/\/www.fuldaernachrichten.de\/index.php?rest_route=\/wp\/v2\/posts\/124641","targetHints":{"allow":["GET"]}}],"collection":[{"href":"https:\/\/www.fuldaernachrichten.de\/index.php?rest_route=\/wp\/v2\/posts"}],"about":[{"href":"https:\/\/www.fuldaernachrichten.de\/index.php?rest_route=\/wp\/v2\/types\/post"}],"author":[{"embeddable":true,"href":"https:\/\/www.fuldaernachrichten.de\/index.php?rest_route=\/wp\/v2\/users\/1"}],"replies":[{"embeddable":true,"href":"https:\/\/www.fuldaernachrichten.de\/index.php?rest_route=%2Fwp%2Fv2%2Fcomments&post=124641"}],"version-history":[{"count":1,"href":"https:\/\/www.fuldaernachrichten.de\/index.php?rest_route=\/wp\/v2\/posts\/124641\/revisions"}],"predecessor-version":[{"id":124643,"href":"https:\/\/www.fuldaernachrichten.de\/index.php?rest_route=\/wp\/v2\/posts\/124641\/revisions\/124643"}],"wp:attachment":[{"href":"https:\/\/www.fuldaernachrichten.de\/index.php?rest_route=%2Fwp%2Fv2%2Fmedia&parent=124641"}],"wp:term":[{"taxonomy":"category","embeddable":true,"href":"https:\/\/www.fuldaernachrichten.de\/index.php?rest_route=%2Fwp%2Fv2%2Fcategories&post=124641"},{"taxonomy":"post_tag","embeddable":true,"href":"https:\/\/www.fuldaernachrichten.de\/index.php?rest_route=%2Fwp%2Fv2%2Ftags&post=124641"}],"curies":[{"name":"wp","href":"https:\/\/api.w.org\/{rel}","templated":true}]}}