{"id":124634,"date":"2014-05-29T00:15:22","date_gmt":"2014-05-29T00:15:22","guid":{"rendered":"http:\/\/www.fuldaer-nachrichten.de\/?p=124634"},"modified":"2014-05-28T16:50:52","modified_gmt":"2014-05-28T16:50:52","slug":"orchester-der-ffw-dirlos-veranstaltet-festwochenende-der-superlative","status":"publish","type":"post","link":"https:\/\/www.fuldaernachrichten.de\/?p=124634","title":{"rendered":"Orchester der FFW Dirlos veranstaltet Festwochenende der Superlative"},"content":{"rendered":"<p><a href=\"http:\/\/www.fuldaer-nachrichten.de\/wp-content\/uploads\/2014\/05\/Vlado-Kumpan-2012.jpg\"><img fetchpriority=\"high\" decoding=\"async\" class=\"alignleft size-thumbnail wp-image-124635\" src=\"http:\/\/www.fuldaer-nachrichten.de\/wp-content\/uploads\/2014\/05\/Vlado-Kumpan-2012-265x213.jpg\" alt=\"Vlado Kumpan 2012\" width=\"265\" height=\"213\" srcset=\"https:\/\/www.fuldaernachrichten.de\/wp-content\/uploads\/2014\/05\/Vlado-Kumpan-2012-265x213.jpg 265w, https:\/\/www.fuldaernachrichten.de\/wp-content\/uploads\/2014\/05\/Vlado-Kumpan-2012.jpg 600w\" sizes=\"(max-width: 265px) 100vw, 265px\" \/><\/a>Dirlos. 60. Jubil\u00e4um, Flurg\u00f6nderfest, Ehemaligen- und Jugendorchesterkonzert, Gro\u00dfevent mit dem Europameister der Blasmusik, Bundesmusikfest mit Wertungsspielen und gem\u00fctlicher Abend bei Kesselfleisch und Haxe \u2013 den Besuchern des f\u00fcnft\u00e4gigen Festspektakels in Dirlos wird es an nichts fehlen. Besonders freut sich der Verein seinem begeisterten Publikum Vlado Kumpan und seine Musikanten pr\u00e4sentieren zu d\u00fcrfen, welche sich im Jahre 2003 den Titel Europameister der Blasmusik in der Profistufe erspielten.<!--more--><\/p>\n<p>Das Festwochenende beginnt am Donnerstag, den 29. Mai ab 10.30 Uhr, mit dem traditionellen Flurg\u00f6nderfest mit Vatertagsstation rund um das B\u00fcrgerhaus Dirlos und den Kl\u00e4ngen des Musikvereins Dietershausen. Am Freitag, den 30. Mai ab 19.00 Uhr, findet das Jugendorchester- und Ehemaligenkonzert ebenfalls im B\u00fcrgerhaus Dirlos statt. Der Eintritt dazu ist frei. Profi-Trompeter Vlado Kumpan und seine Musikanten werden nach dem Einheizen der Dirloser Partyband The Cocks am Samstag, den 31. Mai ab 18.15 Uhr, im gro\u00dfen Festzelt auf dem Festplatz Dirlos zu h\u00f6ren sein. Am Sonntag, den 1. Juni 2014 ab 09.00 Uhr, beweisen die Mitgliedsvereine des Musikbunds Rh\u00f6n beim Bundesmusikfest mit Wertungsspielen, Sternmarsch und Gastspiel der Blaskapelle Niederkalbach ihr K\u00f6nnen. Seinen Ausklang findet das Fest am Montag, den 2. Juni ab 17.30 Uhr, bei Kesselfleisch und Haxe mit dem Musikverein Rh\u00f6ner Herz aus Reulbach-Brand.<\/p>\n<p>Alle Informationen zum Kartenvorverkauf, den mitwirkenden Vereinen und dem Jubilar finden Musikbegeisterte unter:<\/p>\n<p><a href=\"http:\/\/www.orchester-dirlos.de\">www.orchester-dirlos.de<\/a><\/p>\n<p><a href=\"https:\/\/www.facebook.com\/events\/402121159903389\/\">https:\/\/www.facebook.com\/events\/402121159903389\/<\/a><\/p>\n<p>&nbsp;<\/p>\n<p>&nbsp;<\/p>\n","protected":false},"excerpt":{"rendered":"<div class=\"tmnf_excerpt\"><p>Dirlos. 60. Jubil\u00e4um, Flurg\u00f6nderfest, Ehemaligen- und Jugendorchesterkonzert, Gro\u00dfevent mit dem Europameister der Blasmusik, Bundesmusikfest mit Wertungsspielen und gem\u00fctlicher Abend bei Kesselfleisch und Haxe \u2013 den Besuchern des f\u00fcnft\u00e4gigen Festspektakels in Dirlos wird es an nichts fehlen. Besonders freut sich der Verein seinem begeisterten Publikum Vlado Kumpan und seine Musikanten pr\u00e4sentieren zu d\u00fcrfen, welche sich im &hellip;<\/p>\n<\/div>","protected":false},"author":1,"featured_media":0,"comment_status":"closed","ping_status":"closed","sticky":false,"template":"","format":"standard","meta":{"footnotes":""},"categories":[1,44],"tags":[],"class_list":["post-124634","post","type-post","status-publish","format-standard","hentry","category-startseite","category-kultur"],"_links":{"self":[{"href":"https:\/\/www.fuldaernachrichten.de\/index.php?rest_route=\/wp\/v2\/posts\/124634","targetHints":{"allow":["GET"]}}],"collection":[{"href":"https:\/\/www.fuldaernachrichten.de\/index.php?rest_route=\/wp\/v2\/posts"}],"about":[{"href":"https:\/\/www.fuldaernachrichten.de\/index.php?rest_route=\/wp\/v2\/types\/post"}],"author":[{"embeddable":true,"href":"https:\/\/www.fuldaernachrichten.de\/index.php?rest_route=\/wp\/v2\/users\/1"}],"replies":[{"embeddable":true,"href":"https:\/\/www.fuldaernachrichten.de\/index.php?rest_route=%2Fwp%2Fv2%2Fcomments&post=124634"}],"version-history":[{"count":1,"href":"https:\/\/www.fuldaernachrichten.de\/index.php?rest_route=\/wp\/v2\/posts\/124634\/revisions"}],"predecessor-version":[{"id":124636,"href":"https:\/\/www.fuldaernachrichten.de\/index.php?rest_route=\/wp\/v2\/posts\/124634\/revisions\/124636"}],"wp:attachment":[{"href":"https:\/\/www.fuldaernachrichten.de\/index.php?rest_route=%2Fwp%2Fv2%2Fmedia&parent=124634"}],"wp:term":[{"taxonomy":"category","embeddable":true,"href":"https:\/\/www.fuldaernachrichten.de\/index.php?rest_route=%2Fwp%2Fv2%2Fcategories&post=124634"},{"taxonomy":"post_tag","embeddable":true,"href":"https:\/\/www.fuldaernachrichten.de\/index.php?rest_route=%2Fwp%2Fv2%2Ftags&post=124634"}],"curies":[{"name":"wp","href":"https:\/\/api.w.org\/{rel}","templated":true}]}}