{"id":124624,"date":"2014-05-30T00:12:36","date_gmt":"2014-05-30T00:12:36","guid":{"rendered":"http:\/\/www.fuldaer-nachrichten.de\/?p=124624"},"modified":"2014-05-28T16:43:15","modified_gmt":"2014-05-28T16:43:15","slug":"internationale-betriebswirtschaftslehre-in-allen-kategorien-spitze","status":"publish","type":"post","link":"https:\/\/www.fuldaernachrichten.de\/?p=124624","title":{"rendered":"Internationale Betriebswirtschaftslehre in allen Kategorien Spitze"},"content":{"rendered":"<p>Fulda. Die Wochenzeitung &#8220;Die Zeit&#8221; hatte Anfang Mai die neuesten Ergebnisse des Hochschulrankings ver\u00f6ffentlicht, das in Zusammenarbeit mit dem Centrum f\u00fcr Hochschulentwicklung (CHE) erstellt wird. Der Fachbereich Wirtschaft der Hochschule Fulda lag in vier von f\u00fcnf Kategorien in der Spitzengruppe der deutschen Hochschulen. In der f\u00fcnften Kategorie \u201ePraxisorientierung\/Berufsbezug\u201c stufte das CHE den Fachbereich allerdings in die Schlussgruppe ein.<!--more--><\/p>\n<p>\u201eF\u00fcr uns als sehr praxisorientierter Fachbereich war dies ein unverst\u00e4ndliches und nicht nachvollziehbares Ergebnis\u201c, so der Dekan des Fachbereichs Wirtschaft, Prof. Dr. Kai-Oliver Maurer. Er hatte daraufhin mit dem CHE Kontakt aufgenommen, um die Gr\u00fcnde der Einstufung nachvollziehen und m\u00f6gliche Ma\u00dfnahmen ableiten zu k\u00f6nnen. Dabei stellte sich nun heraus, dass die Einstufung fehlerhaft war und der Fachbereich Wirtschaft mit seinem Studiengang \u201eInternationale Betriebswirtschaftslehre\u201c auch in der f\u00fcnften Kategorie \u201ePraxisorientierung\/Berufsbezug\u201c zur Spitzengruppe der deutschen Hochschulen z\u00e4hlt: Nur sechs andere deutsche Hochschulen erreichten bundesweit ein vergleichbares Ergebnis.<\/p>\n<p>Die Studierenden sind mit der Studiensituation insgesamt, der Studierbarkeit und der Betreuung durch die Lehrenden sehr zufrieden. Dar\u00fcber hinaus best\u00e4tigte das CHE dem Fachbereich eine \u00fcberdurchschnittlich gute internationale Ausrichtung und einen hohen Praxisbezug. \u201eWir sind mit dem korrigierten Ergebnis nat\u00fcrlich hochzufrieden\u201c, so Prof. Dr. Maurer. Schade sei es nat\u00fcrlich, dass die Ergebnisse im gedruckten Studienf\u00fchrer 2014\/15 der ZEIT nicht mehr korrigierbar sind. Online sind sie aber f\u00fcr jeden nach einer kostenlosen Registrierung auf der Homepage der &#8220;ZEIT&#8221; einsehbar: http:\/\/ranking.zeit.de\/che2014\/de\/<\/p>\n","protected":false},"excerpt":{"rendered":"<div class=\"tmnf_excerpt\"><p>Fulda. Die Wochenzeitung &#8220;Die Zeit&#8221; hatte Anfang Mai die neuesten Ergebnisse des Hochschulrankings ver\u00f6ffentlicht, das in Zusammenarbeit mit dem Centrum f\u00fcr Hochschulentwicklung (CHE) erstellt wird. Der Fachbereich Wirtschaft der Hochschule Fulda lag in vier von f\u00fcnf Kategorien in der Spitzengruppe der deutschen Hochschulen. In der f\u00fcnften Kategorie \u201ePraxisorientierung\/Berufsbezug\u201c stufte das CHE den Fachbereich allerdings in &hellip;<\/p>\n<\/div>","protected":false},"author":1,"featured_media":0,"comment_status":"closed","ping_status":"closed","sticky":false,"template":"","format":"standard","meta":{"footnotes":""},"categories":[1,48],"tags":[],"class_list":["post-124624","post","type-post","status-publish","format-standard","hentry","category-startseite","category-forschung"],"_links":{"self":[{"href":"https:\/\/www.fuldaernachrichten.de\/index.php?rest_route=\/wp\/v2\/posts\/124624","targetHints":{"allow":["GET"]}}],"collection":[{"href":"https:\/\/www.fuldaernachrichten.de\/index.php?rest_route=\/wp\/v2\/posts"}],"about":[{"href":"https:\/\/www.fuldaernachrichten.de\/index.php?rest_route=\/wp\/v2\/types\/post"}],"author":[{"embeddable":true,"href":"https:\/\/www.fuldaernachrichten.de\/index.php?rest_route=\/wp\/v2\/users\/1"}],"replies":[{"embeddable":true,"href":"https:\/\/www.fuldaernachrichten.de\/index.php?rest_route=%2Fwp%2Fv2%2Fcomments&post=124624"}],"version-history":[{"count":1,"href":"https:\/\/www.fuldaernachrichten.de\/index.php?rest_route=\/wp\/v2\/posts\/124624\/revisions"}],"predecessor-version":[{"id":124625,"href":"https:\/\/www.fuldaernachrichten.de\/index.php?rest_route=\/wp\/v2\/posts\/124624\/revisions\/124625"}],"wp:attachment":[{"href":"https:\/\/www.fuldaernachrichten.de\/index.php?rest_route=%2Fwp%2Fv2%2Fmedia&parent=124624"}],"wp:term":[{"taxonomy":"category","embeddable":true,"href":"https:\/\/www.fuldaernachrichten.de\/index.php?rest_route=%2Fwp%2Fv2%2Fcategories&post=124624"},{"taxonomy":"post_tag","embeddable":true,"href":"https:\/\/www.fuldaernachrichten.de\/index.php?rest_route=%2Fwp%2Fv2%2Ftags&post=124624"}],"curies":[{"name":"wp","href":"https:\/\/api.w.org\/{rel}","templated":true}]}}