{"id":124616,"date":"2014-05-29T00:13:05","date_gmt":"2014-05-29T00:13:05","guid":{"rendered":"http:\/\/www.fuldaer-nachrichten.de\/?p=124616"},"modified":"2014-05-28T16:36:37","modified_gmt":"2014-05-28T16:36:37","slug":"klinikum-fuehrt-sonntagsmatinee-fort","status":"publish","type":"post","link":"https:\/\/www.fuldaernachrichten.de\/?p=124616","title":{"rendered":"Klinikum f\u00fchrt Sonntagsmatinee fort"},"content":{"rendered":"<p>Fulda. Patienten, Angeh\u00f6rige und Besucher werden auch in diesem Jahr wieder sonntags mit rhythmischen Kl\u00e4ngen und Live-Musik in der Eingangshalle des Klinikums Fulda empfangen. Im Rahmen der Reihe \u201eSonntagsmatinee\u201c spielt am kommenden Sonntag, 01.06.2014, von 10.00 bis 12.00 Uhr das Percussionensemble der Musikschule der Stadt Fulda.<!--more--><\/p>\n<p>Das 9-k\u00f6pfige Ensemble sorgt am Sonntagvormittag mit s\u00fcdamerikanischen Rhythmen, wie Cha-Cha-Cha und Mambo f\u00fcr Atmosph\u00e4re. Patienten, Besucher und Angeh\u00f6rige k\u00f6nnen bei musikalischer Untermalung das reichhaltige Angebot der B\u00e4ckerei Happ genie\u00dfen \u201eoder einfach nur der Musik lauschen\u201c, freut sich Barbara Froese, Leiterin der Abteilung Marketing des Klinikums Fulda. \u201eZusammen mit der Musikschule der Stadt Fulda haben wir wieder ein interessantes und buntes Programm f\u00fcr dieses Jahr zusammengestellt.\u201c \u201eMit diesem Programm in unserer Eingangshalle wollen wir den Krankenhaus-Alltag beleben. Unser Dank gilt der Musikschule Fulda f\u00fcr die gelungenen Darbietungen sowie der B\u00e4ckerei Happ\u201c, so Vorstandssprecher Priv.-Doz. Dr. Thomas Menzel.<\/p>\n<p>Die n\u00e4chste Sonntagmatinee ist am 22.06.2014, 10.00 \u2013 12.00 Uhr mit dem Klarinettenquartett in der Eingangshalle des Klinikums Fulda geplant.<\/p>\n","protected":false},"excerpt":{"rendered":"<div class=\"tmnf_excerpt\"><p>Fulda. Patienten, Angeh\u00f6rige und Besucher werden auch in diesem Jahr wieder sonntags mit rhythmischen Kl\u00e4ngen und Live-Musik in der Eingangshalle des Klinikums Fulda empfangen. Im Rahmen der Reihe \u201eSonntagsmatinee\u201c spielt am kommenden Sonntag, 01.06.2014, von 10.00 bis 12.00 Uhr das Percussionensemble der Musikschule der Stadt Fulda.<\/p>\n<\/div>","protected":false},"author":1,"featured_media":0,"comment_status":"closed","ping_status":"closed","sticky":false,"template":"","format":"standard","meta":{"footnotes":""},"categories":[1,51],"tags":[],"class_list":["post-124616","post","type-post","status-publish","format-standard","hentry","category-startseite","category-medizin"],"_links":{"self":[{"href":"https:\/\/www.fuldaernachrichten.de\/index.php?rest_route=\/wp\/v2\/posts\/124616","targetHints":{"allow":["GET"]}}],"collection":[{"href":"https:\/\/www.fuldaernachrichten.de\/index.php?rest_route=\/wp\/v2\/posts"}],"about":[{"href":"https:\/\/www.fuldaernachrichten.de\/index.php?rest_route=\/wp\/v2\/types\/post"}],"author":[{"embeddable":true,"href":"https:\/\/www.fuldaernachrichten.de\/index.php?rest_route=\/wp\/v2\/users\/1"}],"replies":[{"embeddable":true,"href":"https:\/\/www.fuldaernachrichten.de\/index.php?rest_route=%2Fwp%2Fv2%2Fcomments&post=124616"}],"version-history":[{"count":1,"href":"https:\/\/www.fuldaernachrichten.de\/index.php?rest_route=\/wp\/v2\/posts\/124616\/revisions"}],"predecessor-version":[{"id":124617,"href":"https:\/\/www.fuldaernachrichten.de\/index.php?rest_route=\/wp\/v2\/posts\/124616\/revisions\/124617"}],"wp:attachment":[{"href":"https:\/\/www.fuldaernachrichten.de\/index.php?rest_route=%2Fwp%2Fv2%2Fmedia&parent=124616"}],"wp:term":[{"taxonomy":"category","embeddable":true,"href":"https:\/\/www.fuldaernachrichten.de\/index.php?rest_route=%2Fwp%2Fv2%2Fcategories&post=124616"},{"taxonomy":"post_tag","embeddable":true,"href":"https:\/\/www.fuldaernachrichten.de\/index.php?rest_route=%2Fwp%2Fv2%2Ftags&post=124616"}],"curies":[{"name":"wp","href":"https:\/\/api.w.org\/{rel}","templated":true}]}}