{"id":124605,"date":"2014-05-29T00:30:46","date_gmt":"2014-05-29T00:30:46","guid":{"rendered":"http:\/\/www.fuldaer-nachrichten.de\/?p=124605"},"modified":"2014-05-28T16:30:47","modified_gmt":"2014-05-28T16:30:47","slug":"praesident-der-hochschule-fulda-eindrucksvoll-im-amt-bestaetigt","status":"publish","type":"post","link":"https:\/\/www.fuldaernachrichten.de\/?p=124605","title":{"rendered":"Pr\u00e4sident der Hochschule Fulda eindrucksvoll im Amt best\u00e4tigt"},"content":{"rendered":"<p><a href=\"http:\/\/www.fuldaer-nachrichten.de\/wp-content\/uploads\/2014\/05\/Pr\u00e4sident-Prof.-Dr.-Karim-Khakzar.jpg\"><img decoding=\"async\" class=\"alignleft size-thumbnail wp-image-124606\" src=\"http:\/\/www.fuldaer-nachrichten.de\/wp-content\/uploads\/2014\/05\/Pr\u00e4sident-Prof.-Dr.-Karim-Khakzar-265x175.jpg\" alt=\"Pr\u00e4sident Prof. Dr. Karim Khakzar\" width=\"265\" height=\"175\" \/><\/a>Fulda. Mit 32 von insgesamt 35 m\u00f6glichen Stimmen hat die Wahlversammlung der Hochschule Fulda am Mittwoch dieser Woche Prof. Dr. Karim Khakzar f\u00fcr weitere sechs Jahre zum Hochschulpr\u00e4sidenten gew\u00e4hlt. Khakzar, der das Amt des Pr\u00e4sidenten seit 2008 innehat, erzielte mit 91 Prozent ein hervorragendes Ergebnis. Seine zweite Amtszeit beginnt im Dezember dieses Jahres. Eine Findungskommission hatte zwei weitere Kandidaten in den engeren Kreis genommen. Diese zogen ihre Bewerbung im Laufe des Verfahrens jedoch zur\u00fcck, so dass schlie\u00dflich Khakzar als einziger Kandidat zur Wahl stand.<!--more--><\/p>\n<p>Seit 1996 lehrt und forscht der 53-j\u00e4hrige geb\u00fcrtige Stuttgarter im Fachbereich Angewandte Informatik der Hochschule Fulda in den Bereichen Nachrichtentechnik, Medieninformatik und Electronic Business. W\u00e4hrend seiner ersten Amtszeit als Hochschulpr\u00e4sident wuchs die Zahl der Studierenden an der Hochschule Fulda von rund 4700 Studierenden auf \u00fcber 7150. Fast 20 neue Bachelor- und Masterstudieng\u00e4nge entstanden in den acht Fachbereichen, die finanzielle Ausstattung verbesserte sich erheblich und der Campus erhielt mit dem Neubau der Bibliothek, der Mensa und des Student Service Centers ein neues Gesicht. Khakzar engagierte sich dar\u00fcber hinaus daf\u00fcr, die Forschung an Fachhochschulen zu st\u00e4rken. Unter anderem wirkte er daran mit, kooperative Promotionen im Hessischen Hochschulgesetz zu verankern. Danach k\u00f6nnen Fachhochschulen in Zusammenarbeit mit einer Universit\u00e4t Promotionen durchf\u00fchren.<\/p>\n<p>\u201eIch freue mich sehr \u00fcber das Vertrauen, das die Kolleginnen und Kollegen mir mit dem Wahlergebnis ausgesprochen haben\u201c, kommentierte Khakzar das Wahlergebnis. \u201eWir haben sehr viel erreicht in den vergangenen Jahren, es liegt aber auch noch eine Menge Arbeit vor uns.\u201c Er werde den eingeschlagenen Weg weiter verfolgen. \u201eMein Ziel ist es, die Attraktivit\u00e4t des Studiums an der Hochschule Fulda weiter zu st\u00e4rken und die Studierendenzahl auch in Zukunft auf dem jetzigen hohen Niveau zu halten\u201c, betonte er. Au\u00dferdem plane er die Forschung weiter auszubauen und die Internationalisierung weiter voranzutreiben. Die Hochschule Fulda z\u00e4hlt bundesweit schon heute zu den forschungsstarken und internationalen Fachhochschulen.<\/p>\n<p>In diesem und im kommenden Jahr hat Khakzar den Vorsitz der Konferenz der Hessischen Fachhochschulpr\u00e4sidien inne. Dabei kommt ihm bei den anstehenden Verhandlungen mit dem Wissenschaftsministerium um die Hochschulfinanzierung f\u00fcr die Jahre 2016 bis 2020 eine verantwortungsvolle Rolle zu. \u201eEs gilt, f\u00fcr die Hochschule Fulda eine angemessene Grundfinanzierung f\u00fcr Lehre und Forschung zu erzielen, um ausreichend Planungssicherheit f\u00fcr den Zeitraum bis 2020 zu erhalten\u201c, so Khakzar. Sein hochgestecktes Ziel ist au\u00dferdem das Promotionsrecht f\u00fcr die Hochschule Fulda in den forschungsstarken Bereichen.<\/p>\n<p><strong>Die Wahlversammlung:<br \/>\n<\/strong>Die Wahlversammlung besteht aus insgesamt 35 stimmberechtigten Mitgliedern: 19 Professorinnen und Professoren, 10 Studierenden, 2 wissenschaftlichen sowie 4 administrativ-technischen Mitarbeiterinnen und Mitarbeitern.<\/p>\n","protected":false},"excerpt":{"rendered":"<div class=\"tmnf_excerpt\"><p>Fulda. Mit 32 von insgesamt 35 m\u00f6glichen Stimmen hat die Wahlversammlung der Hochschule Fulda am Mittwoch dieser Woche Prof. Dr. Karim Khakzar f\u00fcr weitere sechs Jahre zum Hochschulpr\u00e4sidenten gew\u00e4hlt. Khakzar, der das Amt des Pr\u00e4sidenten seit 2008 innehat, erzielte mit 91 Prozent ein hervorragendes Ergebnis. Seine zweite Amtszeit beginnt im Dezember dieses Jahres. Eine Findungskommission &hellip;<\/p>\n<\/div>","protected":false},"author":1,"featured_media":0,"comment_status":"closed","ping_status":"closed","sticky":false,"template":"","format":"standard","meta":{"footnotes":""},"categories":[1,48],"tags":[],"class_list":["post-124605","post","type-post","status-publish","format-standard","hentry","category-startseite","category-forschung"],"_links":{"self":[{"href":"https:\/\/www.fuldaernachrichten.de\/index.php?rest_route=\/wp\/v2\/posts\/124605","targetHints":{"allow":["GET"]}}],"collection":[{"href":"https:\/\/www.fuldaernachrichten.de\/index.php?rest_route=\/wp\/v2\/posts"}],"about":[{"href":"https:\/\/www.fuldaernachrichten.de\/index.php?rest_route=\/wp\/v2\/types\/post"}],"author":[{"embeddable":true,"href":"https:\/\/www.fuldaernachrichten.de\/index.php?rest_route=\/wp\/v2\/users\/1"}],"replies":[{"embeddable":true,"href":"https:\/\/www.fuldaernachrichten.de\/index.php?rest_route=%2Fwp%2Fv2%2Fcomments&post=124605"}],"version-history":[{"count":1,"href":"https:\/\/www.fuldaernachrichten.de\/index.php?rest_route=\/wp\/v2\/posts\/124605\/revisions"}],"predecessor-version":[{"id":124607,"href":"https:\/\/www.fuldaernachrichten.de\/index.php?rest_route=\/wp\/v2\/posts\/124605\/revisions\/124607"}],"wp:attachment":[{"href":"https:\/\/www.fuldaernachrichten.de\/index.php?rest_route=%2Fwp%2Fv2%2Fmedia&parent=124605"}],"wp:term":[{"taxonomy":"category","embeddable":true,"href":"https:\/\/www.fuldaernachrichten.de\/index.php?rest_route=%2Fwp%2Fv2%2Fcategories&post=124605"},{"taxonomy":"post_tag","embeddable":true,"href":"https:\/\/www.fuldaernachrichten.de\/index.php?rest_route=%2Fwp%2Fv2%2Ftags&post=124605"}],"curies":[{"name":"wp","href":"https:\/\/api.w.org\/{rel}","templated":true}]}}