{"id":124602,"date":"2014-05-29T00:14:38","date_gmt":"2014-05-29T00:14:38","guid":{"rendered":"http:\/\/www.fuldaer-nachrichten.de\/?p=124602"},"modified":"2014-05-28T16:28:38","modified_gmt":"2014-05-28T16:28:38","slug":"kljb-fulda-bildet-10-neue-gruppenleiter-aus","status":"publish","type":"post","link":"https:\/\/www.fuldaernachrichten.de\/?p=124602","title":{"rendered":"KLJB Fulda bildet 10 neue Gruppenleiter aus"},"content":{"rendered":"<p><a href=\"http:\/\/www.fuldaer-nachrichten.de\/wp-content\/uploads\/2014\/05\/20140525_124606.jpg\"><img fetchpriority=\"high\" decoding=\"async\" class=\"alignleft size-thumbnail wp-image-124603\" src=\"http:\/\/www.fuldaer-nachrichten.de\/wp-content\/uploads\/2014\/05\/20140525_124606-265x198.jpg\" alt=\"20140525_124606\" width=\"265\" height=\"198\" srcset=\"https:\/\/www.fuldaernachrichten.de\/wp-content\/uploads\/2014\/05\/20140525_124606-265x198.jpg 265w, https:\/\/www.fuldaernachrichten.de\/wp-content\/uploads\/2014\/05\/20140525_124606.jpg 600w\" sizes=\"(max-width: 265px) 100vw, 265px\" \/><\/a>Kleinsassen. Nach zwei aufregenden Wochenenden k\u00f6nnen sich nun 10 junge Frauen und M\u00e4nner offiziell Gruppenleiter nennen. Nachdem die 10-k\u00f6pfige Gruppe Ende April mit dem ersten Teil des zweiteiligen Gruppenleiterkurses im Ludwig-Wolker-Haus in Kleinsassen begann, trafen sich die ehrenamtlichen Jugendlichen am letzten Maiwochenende erneut, um alle weiteren Inhalte zum Erhalt der Jugendleiter-Card des Landes Hessen (JuLeiCa) zu vervollst\u00e4ndigen. Neben zahlreichen Informationen rund um die Themen Jugendschutzgesetz, Aufsichtspflicht, Versicherungen und Finanzen bekamen die jungen Gruppenleiter viele neue Anregungen f\u00fcr die Gestaltung ihrer Gruppenstunden, Bastelideen und eine gro\u00dfe Sammlung an Gro\u00df- und Kleingruppenspielen durch das Team der Katholischen Landjugendbewegung Fulda vermittelt. <!--more--><\/p>\n<p>Hendrik aus K\u00fcnzell\/Wissels fasst die beiden Schulungswochenenden zusammen: \u201eWir wussten anfangs nicht genau, was auf dem Kurs der KLJB Fulda auf uns zu kommt. Insgesamt haben die zwei Wochenenden riesigen Spa\u00df gemacht. Wir konnten von dem tollen Team eine Menge lernen und auch einige neue Bekanntschaften kn\u00fcpfen.\u201c Auch im n\u00e4chsten Jahr veranstaltet die KLJB Fulda wieder einen zweiteiligen Juleica-Gruppenleiterkurs f\u00fcr alle interessierten Jugendlichen, die sich im Bereich Kinder- und Jugendarbeit engagieren oder engagieren m\u00f6chten.<\/p>\n<p>&nbsp;<\/p>\n","protected":false},"excerpt":{"rendered":"<div class=\"tmnf_excerpt\"><p>Kleinsassen. Nach zwei aufregenden Wochenenden k\u00f6nnen sich nun 10 junge Frauen und M\u00e4nner offiziell Gruppenleiter nennen. Nachdem die 10-k\u00f6pfige Gruppe Ende April mit dem ersten Teil des zweiteiligen Gruppenleiterkurses im Ludwig-Wolker-Haus in Kleinsassen begann, trafen sich die ehrenamtlichen Jugendlichen am letzten Maiwochenende erneut, um alle weiteren Inhalte zum Erhalt der Jugendleiter-Card des Landes Hessen (JuLeiCa) &hellip;<\/p>\n<\/div>","protected":false},"author":1,"featured_media":0,"comment_status":"closed","ping_status":"closed","sticky":false,"template":"","format":"standard","meta":{"footnotes":""},"categories":[1],"tags":[],"class_list":["post-124602","post","type-post","status-publish","format-standard","hentry","category-startseite"],"_links":{"self":[{"href":"https:\/\/www.fuldaernachrichten.de\/index.php?rest_route=\/wp\/v2\/posts\/124602","targetHints":{"allow":["GET"]}}],"collection":[{"href":"https:\/\/www.fuldaernachrichten.de\/index.php?rest_route=\/wp\/v2\/posts"}],"about":[{"href":"https:\/\/www.fuldaernachrichten.de\/index.php?rest_route=\/wp\/v2\/types\/post"}],"author":[{"embeddable":true,"href":"https:\/\/www.fuldaernachrichten.de\/index.php?rest_route=\/wp\/v2\/users\/1"}],"replies":[{"embeddable":true,"href":"https:\/\/www.fuldaernachrichten.de\/index.php?rest_route=%2Fwp%2Fv2%2Fcomments&post=124602"}],"version-history":[{"count":1,"href":"https:\/\/www.fuldaernachrichten.de\/index.php?rest_route=\/wp\/v2\/posts\/124602\/revisions"}],"predecessor-version":[{"id":124604,"href":"https:\/\/www.fuldaernachrichten.de\/index.php?rest_route=\/wp\/v2\/posts\/124602\/revisions\/124604"}],"wp:attachment":[{"href":"https:\/\/www.fuldaernachrichten.de\/index.php?rest_route=%2Fwp%2Fv2%2Fmedia&parent=124602"}],"wp:term":[{"taxonomy":"category","embeddable":true,"href":"https:\/\/www.fuldaernachrichten.de\/index.php?rest_route=%2Fwp%2Fv2%2Fcategories&post=124602"},{"taxonomy":"post_tag","embeddable":true,"href":"https:\/\/www.fuldaernachrichten.de\/index.php?rest_route=%2Fwp%2Fv2%2Ftags&post=124602"}],"curies":[{"name":"wp","href":"https:\/\/api.w.org\/{rel}","templated":true}]}}