{"id":124595,"date":"2014-05-29T00:14:43","date_gmt":"2014-05-29T00:14:43","guid":{"rendered":"http:\/\/www.fuldaer-nachrichten.de\/?p=124595"},"modified":"2014-05-28T16:26:25","modified_gmt":"2014-05-28T16:26:25","slug":"2-lohelaender-kunst-und-handwerkermarkt-lockte-viele-besucher-an","status":"publish","type":"post","link":"https:\/\/www.fuldaernachrichten.de\/?p=124595","title":{"rendered":"2. Lohel\u00e4nder Kunst- und Handwerkermarkt lockte viele Besucher an"},"content":{"rendered":"<p><a href=\"http:\/\/www.fuldaer-nachrichten.de\/wp-content\/uploads\/2014\/05\/Grafik3.jpg\"><img decoding=\"async\" class=\"alignleft size-thumbnail wp-image-124597\" src=\"http:\/\/www.fuldaer-nachrichten.de\/wp-content\/uploads\/2014\/05\/Grafik3-265x175.jpg\" alt=\"Grafik3\" width=\"265\" height=\"175\" srcset=\"https:\/\/www.fuldaernachrichten.de\/wp-content\/uploads\/2014\/05\/Grafik3-265x175.jpg 265w, https:\/\/www.fuldaernachrichten.de\/wp-content\/uploads\/2014\/05\/Grafik3.jpg 600w\" sizes=\"(max-width: 265px) 100vw, 265px\" \/><\/a>Loheland. Durchweg liebevoll gestaltete St\u00e4nde, Gem\u00e4lde, Stoffe, Gefilztes, Glasbl\u00e4serei und Keramik, ein D\u00fcfte-Bouquet aus Seifen, Kr\u00e4utern, Holz, Leder und nur ein paar Meter weiter von frisch zubereiteten veganen Burgern, Reibekuchen und anderen Leckereien. Dazu genau die passende musikalische Untermalung durch den S\u00e4nger und Gitarristen &#8220;George St. George&#8221;. Der Rundgang \u00fcber den 2. Lohel\u00e4nder Kunst- und Handwerkermarkt war an Eindr\u00fccken reich f\u00fcr alle Sinne.<!--more--><\/p>\n<p>Mehr als 40 Aussteller pr\u00e4sentierten zwischen den historischen Zweck-Geb\u00e4uden, wie Backhaus, Schmiede, Schreinerei, Weberei und Alter Post in idyllischer Atmosph\u00e4re ihr vielseitiges K\u00f6nnen. Bei strahlendem Sonnenschein nutzten etwa 2.500 Marktbesucher dieses Ambiente zum Flanieren, St\u00f6bern, Genie\u00dfen, Erholen und Einkaufen. Auf gro\u00dfes Interesse stie\u00df auch die Schur der Loheland-Schafe, insbesondere des Schafbocks &#8220;Balou&#8221; &#8211; dicht gedr\u00e4ngt beobachteten die Besucher das handwerkliche Geschick von Mario Bott, der die Tiere gekonnt von ihrer Wolle befreite.<\/p>\n<p><a href=\"http:\/\/www.fuldaer-nachrichten.de\/wp-content\/uploads\/2014\/05\/Grafik8.jpg\"><img decoding=\"async\" class=\"alignleft size-thumbnail wp-image-124598\" src=\"http:\/\/www.fuldaer-nachrichten.de\/wp-content\/uploads\/2014\/05\/Grafik8-265x175.jpg\" alt=\"Grafik8\" width=\"265\" height=\"175\" srcset=\"https:\/\/www.fuldaernachrichten.de\/wp-content\/uploads\/2014\/05\/Grafik8-265x175.jpg 265w, https:\/\/www.fuldaernachrichten.de\/wp-content\/uploads\/2014\/05\/Grafik8.jpg 600w\" sizes=\"(max-width: 265px) 100vw, 265px\" \/><\/a> <a href=\"http:\/\/www.fuldaer-nachrichten.de\/wp-content\/uploads\/2014\/05\/Grafik9.jpg\"><img decoding=\"async\" class=\"alignleft size-thumbnail wp-image-124599\" src=\"http:\/\/www.fuldaer-nachrichten.de\/wp-content\/uploads\/2014\/05\/Grafik9-265x175.jpg\" alt=\"Grafik9\" width=\"265\" height=\"175\" srcset=\"https:\/\/www.fuldaernachrichten.de\/wp-content\/uploads\/2014\/05\/Grafik9-265x175.jpg 265w, https:\/\/www.fuldaernachrichten.de\/wp-content\/uploads\/2014\/05\/Grafik9.jpg 600w\" sizes=\"(max-width: 265px) 100vw, 265px\" \/><\/a>Interessierte Markt-Besucher erfuhren unter der F\u00fchrung der Loheland-Archivarin Frau Mollenhauer-Kl\u00fcber in einem einst\u00fcndigen Rundgang mehr \u00fcber Hintergr\u00fcnde und Geschichte dieses traumhaften Ortes. Auf die vielen Fragen zur Stiftung und der angeschlossenen Rudolf-Steiner-Schule fanden die Besucher kompetente Antworten an den Informationsst\u00e4nden. Viel Lob und Anerkennung gab es f\u00fcr die gelungene Organisation und vor allem auch f\u00fcr die Wahl des Marktgel\u00e4ndes mitten in der \u00e4ltesten anthroposophischen Siedlung Deutschlands, die bis heute lebendig ist.<\/p>\n<p>Getragen von dem Erfolg der beiden vergangenen M\u00e4rkte, freut sich das ehrenamtliche Organisations-Team im F\u00f6rderverein der RSS Loheland, auf den dann 3. Lohel\u00e4nder Kunst- und Handwerkermarkt 2015 am letzten Mai-Wochenende, also am 31. Mai 2015. (Silvan Bodenstaff)<\/p>\n","protected":false},"excerpt":{"rendered":"<div class=\"tmnf_excerpt\"><p>Loheland. Durchweg liebevoll gestaltete St\u00e4nde, Gem\u00e4lde, Stoffe, Gefilztes, Glasbl\u00e4serei und Keramik, ein D\u00fcfte-Bouquet aus Seifen, Kr\u00e4utern, Holz, Leder und nur ein paar Meter weiter von frisch zubereiteten veganen Burgern, Reibekuchen und anderen Leckereien. Dazu genau die passende musikalische Untermalung durch den S\u00e4nger und Gitarristen &#8220;George St. George&#8221;. Der Rundgang \u00fcber den 2. Lohel\u00e4nder Kunst- und &hellip;<\/p>\n<\/div>","protected":false},"author":1,"featured_media":0,"comment_status":"closed","ping_status":"closed","sticky":false,"template":"","format":"standard","meta":{"footnotes":""},"categories":[1,44],"tags":[],"class_list":["post-124595","post","type-post","status-publish","format-standard","hentry","category-startseite","category-kultur"],"_links":{"self":[{"href":"https:\/\/www.fuldaernachrichten.de\/index.php?rest_route=\/wp\/v2\/posts\/124595","targetHints":{"allow":["GET"]}}],"collection":[{"href":"https:\/\/www.fuldaernachrichten.de\/index.php?rest_route=\/wp\/v2\/posts"}],"about":[{"href":"https:\/\/www.fuldaernachrichten.de\/index.php?rest_route=\/wp\/v2\/types\/post"}],"author":[{"embeddable":true,"href":"https:\/\/www.fuldaernachrichten.de\/index.php?rest_route=\/wp\/v2\/users\/1"}],"replies":[{"embeddable":true,"href":"https:\/\/www.fuldaernachrichten.de\/index.php?rest_route=%2Fwp%2Fv2%2Fcomments&post=124595"}],"version-history":[{"count":1,"href":"https:\/\/www.fuldaernachrichten.de\/index.php?rest_route=\/wp\/v2\/posts\/124595\/revisions"}],"predecessor-version":[{"id":124601,"href":"https:\/\/www.fuldaernachrichten.de\/index.php?rest_route=\/wp\/v2\/posts\/124595\/revisions\/124601"}],"wp:attachment":[{"href":"https:\/\/www.fuldaernachrichten.de\/index.php?rest_route=%2Fwp%2Fv2%2Fmedia&parent=124595"}],"wp:term":[{"taxonomy":"category","embeddable":true,"href":"https:\/\/www.fuldaernachrichten.de\/index.php?rest_route=%2Fwp%2Fv2%2Fcategories&post=124595"},{"taxonomy":"post_tag","embeddable":true,"href":"https:\/\/www.fuldaernachrichten.de\/index.php?rest_route=%2Fwp%2Fv2%2Ftags&post=124595"}],"curies":[{"name":"wp","href":"https:\/\/api.w.org\/{rel}","templated":true}]}}