{"id":124592,"date":"2014-05-30T00:22:40","date_gmt":"2014-05-30T00:22:40","guid":{"rendered":"http:\/\/www.fuldaer-nachrichten.de\/?p=124592"},"modified":"2014-05-28T16:24:36","modified_gmt":"2014-05-28T16:24:36","slug":"15-kultursommer-main-kinzig-fulda-veranstaltungsreihe-startet-am-pfingstsonntag-in-langenselbold","status":"publish","type":"post","link":"https:\/\/www.fuldaernachrichten.de\/?p=124592","title":{"rendered":"15. Kultursommer Main-Kinzig-Fulda &#8211; Veranstaltungsreihe startet am Pfingstsonntag in Langenselbold"},"content":{"rendered":"<p><a href=\"http:\/\/www.fuldaer-nachrichten.de\/wp-content\/uploads\/2014\/05\/246-15.-Kultursommer-Main-Kinzig-Fulda.jpg\"><img fetchpriority=\"high\" decoding=\"async\" class=\"alignleft size-thumbnail wp-image-124593\" src=\"http:\/\/www.fuldaer-nachrichten.de\/wp-content\/uploads\/2014\/05\/246-15.-Kultursommer-Main-Kinzig-Fulda-265x562.jpg\" alt=\"246-15. Kultursommer Main-Kinzig-Fulda\" width=\"265\" height=\"562\" srcset=\"https:\/\/www.fuldaernachrichten.de\/wp-content\/uploads\/2014\/05\/246-15.-Kultursommer-Main-Kinzig-Fulda-265x562.jpg 265w, https:\/\/www.fuldaernachrichten.de\/wp-content\/uploads\/2014\/05\/246-15.-Kultursommer-Main-Kinzig-Fulda.jpg 600w\" sizes=\"(max-width: 265px) 100vw, 265px\" \/><\/a>Langenselbold. Der 15. Kultursommer Main-Kinzig-Fulda bereichert auch in diesem Jahr die Kulturlandschaft der Region und bietet vom 8. Juni bis zum 13. September ein abwechslungsreiches Programm mit mehr als 50 Veranstaltungen aus den Sparten Theater, Kunst, Musik, Literatur und Film. Tr\u00e4ger sind die beiden Landkreise Main-Kinzig und Fulda.<\/p>\n<p>In ihren Gru\u00dfworten danken die Landr\u00e4te Erich Pipa und Bernd Woide den Organisatoren und Veranstaltern und unterstreichen, dass sich die Zusammenarbeit zwischen den beiden Landkreisen in den letzten f\u00fcnfzehn Jahren zu einer echten Erfolgsgeschichte entwickelt habe. So gelinge es jedes Jahr aufs Neue, ein qualitativ hochwertiges und zugleich sehr famili\u00e4res Kulturangebot zu pr\u00e4sentieren. \u201eDie Spielst\u00e4tten und Auff\u00fchrungsorte liegen zudem in der reizvollen Landschaft entlang der Fl\u00fcsse Main, Kinzig und Fulda, die im Sommer besonders sch\u00f6n zur Geltung kommt.\u201c<!--more--><\/p>\n<p>Er\u00f6ffnet wird der Kultursommer am 8. Juni (Pfingstsonntag) in der Klosterberghalle in Langenselbold. Die K\u00fcnstlerin \u201eInk\u201c Sonntag-Ramirez Ponce trifft den Komponisten Johan de Meij zur Pr\u00e4sentation eines besonderen Kunstprojekts. Die Auftaktveranstaltung ist eine Mischform aus Konzert und Vernissage. Dies spiegele ein Anliegen des Kultursommers wider, konstatiert Matthias Schmitt, Kulturbeauftragter des Main-Kinzig-Kreises: \u201eDie Mischung macht\u00e2\u20ac\u2122s!\u201c Der Beirat habe aus vielen Bewerbungen eine Auswahl treffen k\u00f6nnen und dabei sowohl inhaltlich-\u00e4sthetische Gesichtspunkte als auch eine gute regionale Verteilung ber\u00fccksichtigt.<\/p>\n<p>Auch gibt es wieder viele Veranstaltungen weitab der gro\u00dfen St\u00e4dte, wo man Schauspieler, Literaten, S\u00e4nger, Orchester und Bands eher selten trifft. \u201eDie Veranstalter agieren mit viel Herzblut und ehrenamtlichem Engagement, um in ihrer Kommune eine B\u00fchne f\u00fcr ein besonderes Konzert, eine imposante Kunstausstellung oder ein pfiffiges Kabarett zu bieten\u201c, so die beiden Landr\u00e4te Pipa und Woide. \u201eDeshalb freut es uns sehr, dass durch das Hessische Ministerium f\u00fcr Wissenschaft und Kunst sowie die Sparkassen-Kulturstiftung Hessen-Th\u00fcringen dem Kultursommer wieder F\u00f6rdergelder zur Verf\u00fcgung gestellt werden, die direkt den Veranstaltern vor Ort zu Gute kommen.\u201c<\/p>\n<p>Neben dem 15-j\u00e4hrigen Bestehen des Kultursommers wird in diesem Jahr auch der zehnte Jahrestag der Bonifatius-Route gefeiert und mit einer \u201eLesung mit Musik\u201c in der Propstei Blankenau sowie einem festlichen Chor- und Orgelkonzert im Fuldaer Dom zum Finale des Kultursommers gew\u00fcrdigt. Zu den H\u00f6hepunkten z\u00e4hlt auch die Ausstellung \u201eAkathe te beshen \u2013 Hier um zu bleiben\u201c in der Kunststation Kleinsassen. Zu den Attraktionen f\u00fcr Kinder und Jugendliche geh\u00f6ren unter anderem die \u201eTheatrale Biologiestunde im begehbaren Herz\u201c in der Kinderakademie Fulda und die Auff\u00fchrung von \u201eDaumesdick\u201c in Eichenzell.<\/p>\n<p>Eintrittskarten k\u00f6nnen direkt bei den jeweiligen Veranstaltern (Kommunen, ortsans\u00e4ssigen Kulturvereine, Kulturinitiativen und Kirchengemeinden) erworben werden. Die Kontaktdaten sind im 40-seitigen Programmheft des Kultursommers angegeben. Die Programme liegen bei allen Stadt- und Gemeindeverwaltungen sowie in den Sparkassen aus. Das Heft kann auch bei der Fachgruppe Kultur des Main-Kinzig-Kreises, Telefon (06051)8514464, oder unter <a href=\"mailto:info@kultursommer-hessen.de\">info@kultursommer-hessen.de<\/a> angefordert werden. Alle Programminformationen sind dar\u00fcber hinaus im Internet unter <a href=\"http:\/\/www.kultursommer-hessen.de\">www.kultursommer-hessen.de<\/a> abrufbar.<\/p>\n","protected":false},"excerpt":{"rendered":"<div class=\"tmnf_excerpt\"><p>Langenselbold. Der 15. Kultursommer Main-Kinzig-Fulda bereichert auch in diesem Jahr die Kulturlandschaft der Region und bietet vom 8. Juni bis zum 13. September ein abwechslungsreiches Programm mit mehr als 50 Veranstaltungen aus den Sparten Theater, Kunst, Musik, Literatur und Film. Tr\u00e4ger sind die beiden Landkreise Main-Kinzig und Fulda. In ihren Gru\u00dfworten danken die Landr\u00e4te Erich &hellip;<\/p>\n<\/div>","protected":false},"author":1,"featured_media":0,"comment_status":"closed","ping_status":"closed","sticky":false,"template":"","format":"standard","meta":{"footnotes":""},"categories":[1,44],"tags":[],"class_list":["post-124592","post","type-post","status-publish","format-standard","hentry","category-startseite","category-kultur"],"_links":{"self":[{"href":"https:\/\/www.fuldaernachrichten.de\/index.php?rest_route=\/wp\/v2\/posts\/124592","targetHints":{"allow":["GET"]}}],"collection":[{"href":"https:\/\/www.fuldaernachrichten.de\/index.php?rest_route=\/wp\/v2\/posts"}],"about":[{"href":"https:\/\/www.fuldaernachrichten.de\/index.php?rest_route=\/wp\/v2\/types\/post"}],"author":[{"embeddable":true,"href":"https:\/\/www.fuldaernachrichten.de\/index.php?rest_route=\/wp\/v2\/users\/1"}],"replies":[{"embeddable":true,"href":"https:\/\/www.fuldaernachrichten.de\/index.php?rest_route=%2Fwp%2Fv2%2Fcomments&post=124592"}],"version-history":[{"count":1,"href":"https:\/\/www.fuldaernachrichten.de\/index.php?rest_route=\/wp\/v2\/posts\/124592\/revisions"}],"predecessor-version":[{"id":124594,"href":"https:\/\/www.fuldaernachrichten.de\/index.php?rest_route=\/wp\/v2\/posts\/124592\/revisions\/124594"}],"wp:attachment":[{"href":"https:\/\/www.fuldaernachrichten.de\/index.php?rest_route=%2Fwp%2Fv2%2Fmedia&parent=124592"}],"wp:term":[{"taxonomy":"category","embeddable":true,"href":"https:\/\/www.fuldaernachrichten.de\/index.php?rest_route=%2Fwp%2Fv2%2Fcategories&post=124592"},{"taxonomy":"post_tag","embeddable":true,"href":"https:\/\/www.fuldaernachrichten.de\/index.php?rest_route=%2Fwp%2Fv2%2Ftags&post=124592"}],"curies":[{"name":"wp","href":"https:\/\/api.w.org\/{rel}","templated":true}]}}