{"id":124589,"date":"2014-05-29T00:11:52","date_gmt":"2014-05-29T00:11:52","guid":{"rendered":"http:\/\/www.fuldaer-nachrichten.de\/?p=124589"},"modified":"2014-05-28T16:22:14","modified_gmt":"2014-05-28T16:22:14","slug":"chorfahrt-zum-erfurter-zoo","status":"publish","type":"post","link":"https:\/\/www.fuldaernachrichten.de\/?p=124589","title":{"rendered":"Chorfahrt zum Erfurter Zoo"},"content":{"rendered":"<p><a href=\"http:\/\/www.fuldaer-nachrichten.de\/wp-content\/uploads\/2014\/05\/IMG_3161.jpg\"><img decoding=\"async\" class=\"alignleft size-thumbnail wp-image-124590\" src=\"http:\/\/www.fuldaer-nachrichten.de\/wp-content\/uploads\/2014\/05\/IMG_3161-265x176.jpg\" alt=\"IMG_3161\" width=\"265\" height=\"176\" srcset=\"https:\/\/www.fuldaernachrichten.de\/wp-content\/uploads\/2014\/05\/IMG_3161-265x176.jpg 265w, https:\/\/www.fuldaernachrichten.de\/wp-content\/uploads\/2014\/05\/IMG_3161.jpg 600w\" sizes=\"(max-width: 265px) 100vw, 265px\" \/><\/a>Erfurt\/Fulda. Die diesj\u00e4hrige B- und C-Chorfahrt f\u00fchrte die S\u00e4ngerinnen und S\u00e4nger des JugendKathedralChores, unter Leitung von Domkapellmeister Franz-Peter Huber, am 24. Mai 2014 nach Erfurt in den Zoo. Die Kinder und Jugendlichen erlebten die Tiere nicht nur hautnah bei Besichtigungen und F\u00fctterungen, sondern nahmen auch noch Wissenswertes \u00fcber Giraffe, Elefant &amp; Co., in einer F\u00fchrung der Zoo- und Naturschule, mit.<\/p>\n","protected":false},"excerpt":{"rendered":"<div class=\"tmnf_excerpt\"><p>Erfurt\/Fulda. Die diesj\u00e4hrige B- und C-Chorfahrt f\u00fchrte die S\u00e4ngerinnen und S\u00e4nger des JugendKathedralChores, unter Leitung von Domkapellmeister Franz-Peter Huber, am 24. Mai 2014 nach Erfurt in den Zoo. Die Kinder und Jugendlichen erlebten die Tiere nicht nur hautnah bei Besichtigungen und F\u00fctterungen, sondern nahmen auch noch Wissenswertes \u00fcber Giraffe, Elefant &amp; Co., in einer F\u00fchrung &hellip;<\/p>\n<\/div>","protected":false},"author":1,"featured_media":0,"comment_status":"closed","ping_status":"closed","sticky":false,"template":"","format":"standard","meta":{"footnotes":""},"categories":[1,44],"tags":[],"class_list":["post-124589","post","type-post","status-publish","format-standard","hentry","category-startseite","category-kultur"],"_links":{"self":[{"href":"https:\/\/www.fuldaernachrichten.de\/index.php?rest_route=\/wp\/v2\/posts\/124589","targetHints":{"allow":["GET"]}}],"collection":[{"href":"https:\/\/www.fuldaernachrichten.de\/index.php?rest_route=\/wp\/v2\/posts"}],"about":[{"href":"https:\/\/www.fuldaernachrichten.de\/index.php?rest_route=\/wp\/v2\/types\/post"}],"author":[{"embeddable":true,"href":"https:\/\/www.fuldaernachrichten.de\/index.php?rest_route=\/wp\/v2\/users\/1"}],"replies":[{"embeddable":true,"href":"https:\/\/www.fuldaernachrichten.de\/index.php?rest_route=%2Fwp%2Fv2%2Fcomments&post=124589"}],"version-history":[{"count":1,"href":"https:\/\/www.fuldaernachrichten.de\/index.php?rest_route=\/wp\/v2\/posts\/124589\/revisions"}],"predecessor-version":[{"id":124591,"href":"https:\/\/www.fuldaernachrichten.de\/index.php?rest_route=\/wp\/v2\/posts\/124589\/revisions\/124591"}],"wp:attachment":[{"href":"https:\/\/www.fuldaernachrichten.de\/index.php?rest_route=%2Fwp%2Fv2%2Fmedia&parent=124589"}],"wp:term":[{"taxonomy":"category","embeddable":true,"href":"https:\/\/www.fuldaernachrichten.de\/index.php?rest_route=%2Fwp%2Fv2%2Fcategories&post=124589"},{"taxonomy":"post_tag","embeddable":true,"href":"https:\/\/www.fuldaernachrichten.de\/index.php?rest_route=%2Fwp%2Fv2%2Ftags&post=124589"}],"curies":[{"name":"wp","href":"https:\/\/api.w.org\/{rel}","templated":true}]}}