{"id":124586,"date":"2014-05-30T00:12:11","date_gmt":"2014-05-30T00:12:11","guid":{"rendered":"http:\/\/www.fuldaer-nachrichten.de\/?p=124586"},"modified":"2014-05-28T16:18:12","modified_gmt":"2014-05-28T16:18:12","slug":"winfriedschule-startet-training-fuer-den-fuldacup","status":"publish","type":"post","link":"https:\/\/www.fuldaernachrichten.de\/?p=124586","title":{"rendered":"Winfriedschule startet Training f\u00fcr den FuldaCup"},"content":{"rendered":"<p><a href=\"http:\/\/www.fuldaer-nachrichten.de\/wp-content\/uploads\/2014\/05\/Bild-5.jpg\"><img decoding=\"async\" class=\"alignleft size-thumbnail wp-image-124587\" src=\"http:\/\/www.fuldaer-nachrichten.de\/wp-content\/uploads\/2014\/05\/Bild-5-265x176.jpg\" alt=\"Bild 5\" width=\"265\" height=\"176\" srcset=\"https:\/\/www.fuldaernachrichten.de\/wp-content\/uploads\/2014\/05\/Bild-5-265x176.jpg 265w, https:\/\/www.fuldaernachrichten.de\/wp-content\/uploads\/2014\/05\/Bild-5.jpg 600w\" sizes=\"(max-width: 265px) 100vw, 265px\" \/><\/a>Fulda. Am 7. Juli 2014 findet die vierte Auflage des Fulda Cups, dem inklusiven Fu\u00dfallturnier, in Johannesberg satt. Die Winfriedschule Fulda stellt zwei der insgesamt 14 Teams und ist stolzer Verteidiger des Fairnesspokals. Als erste Schule wurde bereits Ende April mit dem Training gestartet. Sechs Kicker des Antoniusheims trainieren immer mittwochs gemeinsam mit den Sch\u00fclern der 5ten und 6ten Klasse in der Turnhalle der Winfriedschule. Damit auch in diesem Jahr wieder eine spritzige Truppe in das Turnier geschickt werden kann, stehen vor allem der inklusive Gedanke und der Spa\u00df im Vordergrund. <!--more--><\/p>\n<p>Wie jeden Mittwoch wird mit einem einstudierten Begr\u00fc\u00dfungsritual, bei dem sich alle Spieler in Bewegung gegenseitig begr\u00fc\u00dfen, gestartet. Nachdem vier Teams gew\u00e4hlt wurden, geht es auch schon mit dem Training los. Trainer Arthur Herget findet es ebenfalls immer wieder besonders, wenn Menschen mit und ohne Beeintr\u00e4chtigung sich treffen, um miteinander Fu\u00dfball zu spielen. Viele kennen sich schon aus den Vorjahren und es macht allen Beteiligten Spa\u00df, dabei zu sein, sodass diesem besonderen Ereignis immer wieder gespannt entgegengefiebert wird. Beim Training haben sich auch schon einige m\u00f6gliche Erfolgsgaranten aufgezeigt. Wir d\u00fcrfen neugierig sein, von wem die Rede ist. Eines ist jedoch sicher: Die Jungs und M\u00e4dels sind gespannt darauf, was in diesem Jahr m\u00f6glich ist und fiebern schon ungeduldig dem Fulda Cup 2014 entgegen.<\/p>\n","protected":false},"excerpt":{"rendered":"<div class=\"tmnf_excerpt\"><p>Fulda. Am 7. Juli 2014 findet die vierte Auflage des Fulda Cups, dem inklusiven Fu\u00dfallturnier, in Johannesberg satt. Die Winfriedschule Fulda stellt zwei der insgesamt 14 Teams und ist stolzer Verteidiger des Fairnesspokals. Als erste Schule wurde bereits Ende April mit dem Training gestartet. Sechs Kicker des Antoniusheims trainieren immer mittwochs gemeinsam mit den Sch\u00fclern &hellip;<\/p>\n<\/div>","protected":false},"author":1,"featured_media":0,"comment_status":"closed","ping_status":"closed","sticky":false,"template":"","format":"standard","meta":{"footnotes":""},"categories":[1,46],"tags":[],"class_list":["post-124586","post","type-post","status-publish","format-standard","hentry","category-startseite","category-sport"],"_links":{"self":[{"href":"https:\/\/www.fuldaernachrichten.de\/index.php?rest_route=\/wp\/v2\/posts\/124586","targetHints":{"allow":["GET"]}}],"collection":[{"href":"https:\/\/www.fuldaernachrichten.de\/index.php?rest_route=\/wp\/v2\/posts"}],"about":[{"href":"https:\/\/www.fuldaernachrichten.de\/index.php?rest_route=\/wp\/v2\/types\/post"}],"author":[{"embeddable":true,"href":"https:\/\/www.fuldaernachrichten.de\/index.php?rest_route=\/wp\/v2\/users\/1"}],"replies":[{"embeddable":true,"href":"https:\/\/www.fuldaernachrichten.de\/index.php?rest_route=%2Fwp%2Fv2%2Fcomments&post=124586"}],"version-history":[{"count":1,"href":"https:\/\/www.fuldaernachrichten.de\/index.php?rest_route=\/wp\/v2\/posts\/124586\/revisions"}],"predecessor-version":[{"id":124588,"href":"https:\/\/www.fuldaernachrichten.de\/index.php?rest_route=\/wp\/v2\/posts\/124586\/revisions\/124588"}],"wp:attachment":[{"href":"https:\/\/www.fuldaernachrichten.de\/index.php?rest_route=%2Fwp%2Fv2%2Fmedia&parent=124586"}],"wp:term":[{"taxonomy":"category","embeddable":true,"href":"https:\/\/www.fuldaernachrichten.de\/index.php?rest_route=%2Fwp%2Fv2%2Fcategories&post=124586"},{"taxonomy":"post_tag","embeddable":true,"href":"https:\/\/www.fuldaernachrichten.de\/index.php?rest_route=%2Fwp%2Fv2%2Ftags&post=124586"}],"curies":[{"name":"wp","href":"https:\/\/api.w.org\/{rel}","templated":true}]}}