{"id":124582,"date":"2014-05-29T00:12:39","date_gmt":"2014-05-29T00:12:39","guid":{"rendered":"http:\/\/www.fuldaer-nachrichten.de\/?p=124582"},"modified":"2014-05-28T15:56:48","modified_gmt":"2014-05-28T15:56:48","slug":"erfolgreiche-athleten-im-antoniusheim-geehrt","status":"publish","type":"post","link":"https:\/\/www.fuldaernachrichten.de\/?p=124582","title":{"rendered":"Erfolgreiche Athleten im Antoniusheim geehrt"},"content":{"rendered":"<p><a href=\"http:\/\/www.fuldaer-nachrichten.de\/wp-content\/uploads\/2014\/05\/SO-Team-Antoniusheim.jpg\"><img decoding=\"async\" class=\"alignleft size-thumbnail wp-image-124584\" src=\"http:\/\/www.fuldaer-nachrichten.de\/wp-content\/uploads\/2014\/05\/SO-Team-Antoniusheim-265x176.jpg\" alt=\"SO-Team-Antoniusheim\" width=\"265\" height=\"176\" srcset=\"https:\/\/www.fuldaernachrichten.de\/wp-content\/uploads\/2014\/05\/SO-Team-Antoniusheim-265x176.jpg 265w, https:\/\/www.fuldaernachrichten.de\/wp-content\/uploads\/2014\/05\/SO-Team-Antoniusheim.jpg 600w\" sizes=\"(max-width: 265px) 100vw, 265px\" \/><\/a>Fulda. Sportlerinnen und Sportler aus dem Antoniusheim haben auch in diesem Jahr an den Nationalen Sommerspielen der Special Olympics teilgenommen. Mit 35 Teilnehmern und Trainern brach die Gruppe vergangenen Montag zum Austragungsort D\u00fcsseldorf auf, um dort ihr K\u00f6nnen in den Sportarten Badminton, Kanu, Schwimmen, Tischtennis und Voltigieren unter Beweis zu stellen.<\/p>\n<p>Nach f\u00fcnf erfolgreichen Tagen voller Wettbewerb und sportlichem Ehrgeiz kehrte die Gruppe am Samstag, mit zahlreichen Medaillen im Gep\u00e4ck, nach Fulda zur\u00fcck. Unterst\u00fctzt wurde die Fahrt durch eine Spende der Firma \u201eLeutke Geb\u00e4udereinigung\u201c. Gesch\u00e4ftsf\u00fchrer Claus Leutke lie\u00df es sich daher nicht nehmen, die Ehrung der Sportler, die am Mittwoch im Antonius-Caf\u00e9 stattfand, zu begleiten.<!--more--><\/p>\n<p>\u201eWir haben die Teilnahme des Antoniusheims sehr gerne unterst\u00fctzt. Man sieht an den zufriedenen Gesichtern und den vielen Medaillen, dass die Sportler des Antoniusheims mit viel Eifer und Herzblut an die Sache gehen. Deshalb m\u00f6chten wir unser Engagement auch in Zukunft beibehalten\u201c, sagte Leutke.<\/p>\n<p>\u201eDie Unterst\u00fctzung war sehr wichtig f\u00fcr uns. So konnten wir zum Beispiel vor dem Wettbewerb noch auf einem echten Pferd das Voltigieren \u00fcben\u201c, erkl\u00e4rt Freizeitp\u00e4dagoge und Organisator Elmar M\u00f6ller. \u201eAuch deshalb konnten wir in D\u00fcsseldorf die Goldmedaille holen\u201c, f\u00fcgt Voltigierer Marcel Pani stolz hinzu. Die erfolgreichen Sportler m\u00f6chten auch bei den n\u00e4chsten Sommerspielen, die in zwei Jahren in Hamburg stattfinden, wieder teilnehmen und f\u00fcr Medaillen sorgen.<\/p>\n<p>&nbsp;<\/p>\n","protected":false},"excerpt":{"rendered":"<div class=\"tmnf_excerpt\"><p>Fulda. Sportlerinnen und Sportler aus dem Antoniusheim haben auch in diesem Jahr an den Nationalen Sommerspielen der Special Olympics teilgenommen. Mit 35 Teilnehmern und Trainern brach die Gruppe vergangenen Montag zum Austragungsort D\u00fcsseldorf auf, um dort ihr K\u00f6nnen in den Sportarten Badminton, Kanu, Schwimmen, Tischtennis und Voltigieren unter Beweis zu stellen. Nach f\u00fcnf erfolgreichen Tagen &hellip;<\/p>\n<\/div>","protected":false},"author":1,"featured_media":0,"comment_status":"closed","ping_status":"closed","sticky":false,"template":"","format":"standard","meta":{"footnotes":""},"categories":[1,46],"tags":[],"class_list":["post-124582","post","type-post","status-publish","format-standard","hentry","category-startseite","category-sport"],"_links":{"self":[{"href":"https:\/\/www.fuldaernachrichten.de\/index.php?rest_route=\/wp\/v2\/posts\/124582","targetHints":{"allow":["GET"]}}],"collection":[{"href":"https:\/\/www.fuldaernachrichten.de\/index.php?rest_route=\/wp\/v2\/posts"}],"about":[{"href":"https:\/\/www.fuldaernachrichten.de\/index.php?rest_route=\/wp\/v2\/types\/post"}],"author":[{"embeddable":true,"href":"https:\/\/www.fuldaernachrichten.de\/index.php?rest_route=\/wp\/v2\/users\/1"}],"replies":[{"embeddable":true,"href":"https:\/\/www.fuldaernachrichten.de\/index.php?rest_route=%2Fwp%2Fv2%2Fcomments&post=124582"}],"version-history":[{"count":1,"href":"https:\/\/www.fuldaernachrichten.de\/index.php?rest_route=\/wp\/v2\/posts\/124582\/revisions"}],"predecessor-version":[{"id":124585,"href":"https:\/\/www.fuldaernachrichten.de\/index.php?rest_route=\/wp\/v2\/posts\/124582\/revisions\/124585"}],"wp:attachment":[{"href":"https:\/\/www.fuldaernachrichten.de\/index.php?rest_route=%2Fwp%2Fv2%2Fmedia&parent=124582"}],"wp:term":[{"taxonomy":"category","embeddable":true,"href":"https:\/\/www.fuldaernachrichten.de\/index.php?rest_route=%2Fwp%2Fv2%2Fcategories&post=124582"},{"taxonomy":"post_tag","embeddable":true,"href":"https:\/\/www.fuldaernachrichten.de\/index.php?rest_route=%2Fwp%2Fv2%2Ftags&post=124582"}],"curies":[{"name":"wp","href":"https:\/\/api.w.org\/{rel}","templated":true}]}}