{"id":124569,"date":"2014-05-28T00:30:34","date_gmt":"2014-05-28T00:30:34","guid":{"rendered":"http:\/\/www.fuldaer-nachrichten.de\/?p=124569"},"modified":"2014-05-28T06:00:46","modified_gmt":"2014-05-28T06:00:46","slug":"124569","status":"publish","type":"post","link":"https:\/\/www.fuldaernachrichten.de\/?p=124569","title":{"rendered":"Stadtverordnetenversammlung der Wissenschaftsstadt Darmstadt w\u00e4hlt Cornelia Zuschke zur neuen Bau- und Verkehrsdezernentin"},"content":{"rendered":"<p><a href=\"http:\/\/www.fuldaer-nachrichten.de\/wp-content\/uploads\/2014\/05\/portrait_cornelia_zuschke.jpg\"><img fetchpriority=\"high\" decoding=\"async\" class=\"alignleft size-thumbnail wp-image-124570\" src=\"http:\/\/www.fuldaer-nachrichten.de\/wp-content\/uploads\/2014\/05\/portrait_cornelia_zuschke-265x368.jpg\" alt=\"portrait_cornelia_zuschke\" width=\"265\" height=\"368\" srcset=\"https:\/\/www.fuldaernachrichten.de\/wp-content\/uploads\/2014\/05\/portrait_cornelia_zuschke-265x368.jpg 265w, https:\/\/www.fuldaernachrichten.de\/wp-content\/uploads\/2014\/05\/portrait_cornelia_zuschke-190x265.jpg 190w, https:\/\/www.fuldaernachrichten.de\/wp-content\/uploads\/2014\/05\/portrait_cornelia_zuschke-431x600.jpg 431w, https:\/\/www.fuldaernachrichten.de\/wp-content\/uploads\/2014\/05\/portrait_cornelia_zuschke.jpg 600w\" sizes=\"(max-width: 265px) 100vw, 265px\" \/><\/a>Darmstadt. Die Stadtverordnetenversammlung der Wissenschaftsstadt Darmstadt hat Cornelia Zuschke am Dienstag (27.) zur neuen Bau- und Verkehrsdezernentin der Wissenschaftsstadt Darmstadt gew\u00e4hlt. Die 53-J\u00e4hrige tritt damit am 16. Juni die Nachfolge von Brigitte Lindscheid an, die im Februar aus dem Magistrat ausgeschieden war, um das Amt der Regierungspr\u00e4sidentin in Darmstadt zu \u00fcbernehmen.<\/p>\n<p>\u201eIch danke f\u00fcr das mir entgegengebrachte Vertrauen und bin gleicherma\u00dfen positiv gespannt, wie sich die Zusammenarbeit mit allen f\u00fcr Darmstadt entwickeln wird, denn die ist n\u00f6tig f\u00fcr die gro\u00dfen Herausforderungen. Ich freue mich sehr auf interessante neue Aufgaben in einer Gro\u00dfstadt. Als Mitglied des Darmst\u00e4dter Gestaltungsbeirats hatte ich bereits einige Male die M\u00f6glichkeit, die Wissenschaftsstadt selbst sowie zentrale Vorhaben, die meinen zuk\u00fcnftigen Aufgabenbereich betreffen, kennen zu lernen. Darmstadt geh\u00f6rt mit seiner Mischung aus Moderne und Tradition nicht nur st\u00e4dtebaulich und architektonisch zu den spannenden St\u00e4dten der Republik, die Stadt hat einen hohen Entwicklungsdruck, bietet aber auch die notwendigen L\u00f6sungspotenziale: Hier ist viel Zukunftstr\u00e4chtiges m\u00f6glich. Ich empfinde es als Privileg, einen solchen Ort mitgestalten zu d\u00fcrfen und damit zu Darmstadts Profil beizutragen\u201c, erkl\u00e4rte Cornelia Zuschke direkt nach dem Votum der Stadtverordnetenversammlung. <!--more--><\/p>\n<p>Oberb\u00fcrgermeister Jochen Partsch zeigte sich ebenfalls erfreut \u00fcber das Ergebnis der Wahl: \u201eIch bin froh, dass die Wissenschaftsstadt Darmstadt mit Cornelia Zuschke eine erfahrene, fachlich hochkompetente und f\u00fcr das Amt hervorragend geeignete Bau- und Verkehrsdezernentin gewinnen konnte, ich freue mich sehr auf die Zusammenarbeit mit ihr. Cornelia Zuschke steht f\u00fcr die gelungene Verkn\u00fcpfung von sozialer und \u00f6kologischer Stadtgestaltung, und ich bin davon \u00fcberzeugt, dass sie ihre neue Aufgabe in diesem Sinn mit Engagement und Leidenschaft angehen wird.\u201c<\/p>\n<p>Die studierte Architektin Zuschke wechselte 1989\/90 von den Weimarer Kunstsammlungen ins Hessische Staatsbauamt, wo sie fortan in Osthessen f\u00fcr Neubauten, Bauunterhaltung und Denkmalpflege zust\u00e4ndig war. Im Jahr 1993 \u00fcbernahm sie die Leitung der Unteren Denkmalschutzbeh\u00f6rde in Fulda, ab 1997 die Leitung des dortigen Stadtplanungsamtes. Im Jahr 2000 wurde Cornelia Zuschke nach einem Auswahlverfahren einstimmig zur Stadtbaur\u00e4tin der Stadt Fulda gew\u00e4hlt. Wiederwahlen folgten im Oktober 2005 und Oktober 2011. Seit 2000 ist Zuschke Vorsitzende des Planungsausschusses im Hessischen St\u00e4dtetag, aktives Mitglied der Deutschen Akademie f\u00fcr St\u00e4dtebau und Landesplanung (DASL, Landesgruppe Hessen, Rheinland-Pfalz und Saarland) und geht zudem einer regelm\u00e4\u00dfigen Vortrags- und Seminart\u00e4tigkeit bei Hochschulen, Institutionen und der hessischen Architektenkammer nach.<\/p>\n","protected":false},"excerpt":{"rendered":"<div class=\"tmnf_excerpt\"><p>Darmstadt. Die Stadtverordnetenversammlung der Wissenschaftsstadt Darmstadt hat Cornelia Zuschke am Dienstag (27.) zur neuen Bau- und Verkehrsdezernentin der Wissenschaftsstadt Darmstadt gew\u00e4hlt. Die 53-J\u00e4hrige tritt damit am 16. Juni die Nachfolge von Brigitte Lindscheid an, die im Februar aus dem Magistrat ausgeschieden war, um das Amt der Regierungspr\u00e4sidentin in Darmstadt zu \u00fcbernehmen. \u201eIch danke f\u00fcr das &hellip;<\/p>\n<\/div>","protected":false},"author":1,"featured_media":0,"comment_status":"closed","ping_status":"closed","sticky":false,"template":"","format":"standard","meta":{"footnotes":""},"categories":[1],"tags":[],"class_list":["post-124569","post","type-post","status-publish","format-standard","hentry","category-startseite"],"_links":{"self":[{"href":"https:\/\/www.fuldaernachrichten.de\/index.php?rest_route=\/wp\/v2\/posts\/124569","targetHints":{"allow":["GET"]}}],"collection":[{"href":"https:\/\/www.fuldaernachrichten.de\/index.php?rest_route=\/wp\/v2\/posts"}],"about":[{"href":"https:\/\/www.fuldaernachrichten.de\/index.php?rest_route=\/wp\/v2\/types\/post"}],"author":[{"embeddable":true,"href":"https:\/\/www.fuldaernachrichten.de\/index.php?rest_route=\/wp\/v2\/users\/1"}],"replies":[{"embeddable":true,"href":"https:\/\/www.fuldaernachrichten.de\/index.php?rest_route=%2Fwp%2Fv2%2Fcomments&post=124569"}],"version-history":[{"count":2,"href":"https:\/\/www.fuldaernachrichten.de\/index.php?rest_route=\/wp\/v2\/posts\/124569\/revisions"}],"predecessor-version":[{"id":124572,"href":"https:\/\/www.fuldaernachrichten.de\/index.php?rest_route=\/wp\/v2\/posts\/124569\/revisions\/124572"}],"wp:attachment":[{"href":"https:\/\/www.fuldaernachrichten.de\/index.php?rest_route=%2Fwp%2Fv2%2Fmedia&parent=124569"}],"wp:term":[{"taxonomy":"category","embeddable":true,"href":"https:\/\/www.fuldaernachrichten.de\/index.php?rest_route=%2Fwp%2Fv2%2Fcategories&post=124569"},{"taxonomy":"post_tag","embeddable":true,"href":"https:\/\/www.fuldaernachrichten.de\/index.php?rest_route=%2Fwp%2Fv2%2Ftags&post=124569"}],"curies":[{"name":"wp","href":"https:\/\/api.w.org\/{rel}","templated":true}]}}