{"id":124494,"date":"2014-05-27T00:15:03","date_gmt":"2014-05-27T00:15:03","guid":{"rendered":"http:\/\/www.fuldaer-nachrichten.de\/?p=124494"},"modified":"2014-05-26T16:53:16","modified_gmt":"2014-05-26T16:53:16","slug":"tegut-steht-auf-nachhaltigkeit-auch-im-markt-in-schluechtern","status":"publish","type":"post","link":"https:\/\/www.fuldaernachrichten.de\/?p=124494","title":{"rendered":"tegut\u00e2\u20ac\u00a6 steht auf Nachhaltigkeit \u2013 auch im Markt in Schl\u00fcchtern"},"content":{"rendered":"<p><a href=\"http:\/\/www.fuldaer-nachrichten.de\/wp-content\/uploads\/2014\/05\/tegut...-Schl\u00fcchtern-Nachhaltigkeit-3.jpg\"><img fetchpriority=\"high\" decoding=\"async\" class=\"alignleft size-thumbnail wp-image-124495\" src=\"http:\/\/www.fuldaer-nachrichten.de\/wp-content\/uploads\/2014\/05\/tegut...-Schl\u00fcchtern-Nachhaltigkeit-3-265x343.jpg\" alt=\"tegut... Schl\u00fcchtern Nachhaltigkeit 3\" width=\"265\" height=\"343\" \/><\/a>Schl\u00fcchtern. Die Erde ist zur Entwicklungsgrundlage f\u00fcr uns Menschen, unsere Kinder und Kindeskinder geschaffen. Es gilt sie zu erhalten und zu pflegen, vor allem in den wirtschaftlichen Prozessen muss verantwortungsbewusst und tragf\u00e4hig gehandelt werden, damit die Existenzgrundlage zuk\u00fcnftiger Generationen erhalten bleibt. An diesem Punkt hat tegut\u00e2\u20ac\u00a6 in der Breitenbacher Stra\u00dfe 22 angesetzt und den Markt in einer rund einj\u00e4hrigen Sanierungs- und Umbauphase auf den neuesten technischen Stand gebracht. \u201etegut\u00e2\u20ac\u00a6 ist sich bewusst, dass durch das eigene Handeln im Wirtschaftskreislauf ein wachsender Beitrag f\u00fcr Nachhaltigkeit m\u00f6glich ist. Aus diesem Grund verwenden wir nachhaltige und schadstoffarme Baustoffe\u201c, so Jochen St\u00fcrz, Leiter Bau und Einrichtung bei tegut\u00e2\u20ac\u00a6<\/p>\n<p>Dies sei ein zentraler Bestandteil der Richtlinien, nach denen tegut\u00e2\u20ac\u00a6 Neubauten, aber auch Revitalisierungen umsetzt, so St\u00fcrz weiter. tegut\u00e2\u20ac\u00a6 hat bewusst im Au\u00dfenbereich auf Holz als nachhaltigen Baustoff gesetzt. Bei der Revitalisierung wurden die Standards der derzeit g\u00fcltigen Energieeinsparverordnung umgesetzt, so dass durch die thermische H\u00fclle des Geb\u00e4udes sehr wenig Energie in Form von W\u00e4rme verloren geht. Zudem wird die, durch die K\u00e4lteanlage produzierte, Abw\u00e4rme genutzt, um den Markt zu beheizen, so dass keine zus\u00e4tzliche Energie f\u00fcr das Heizen notwendig ist. \u201eDies wird durch den Einsatz eines W\u00e4rmetauschers in der L\u00fcftungsanlage m\u00f6glich, die eine geringere Vorlauftemperatur ben\u00f6tigt. Dieses System wollen wir, wo m\u00f6glich, nun bei allen tegut\u00e2\u20ac\u00a6 Neubauten einsetzen\u201c, erg\u00e4nzt Mario Kremser, Projektleiter bei tegut\u00e2\u20ac\u00a6.<!--more--><\/p>\n<p>\u201eDie gesamte Beleuchtung der Verkaufsfl\u00e4che wurde mit energiesparender LED-Technik ausgestattet. Hierdurch wird etwa 50 Prozent der f\u00fcr die Beleuchtung eingesetzten Energie eingespart.\u201c so Hasan Akdeniz, Filialgesch\u00e4ftsf\u00fchrer. Die zur K\u00fchlung der Frischeprodukte und des Tiefk\u00fchlsortiments notwendigen K\u00e4lteanlagen werden ausschlie\u00dflich mit nat\u00fcrlichen K\u00e4ltemitteln, wie Propan betrieben. \u201eDamit werden der Umwelt keine ozonsch\u00e4digenden Emissionen durch den Betrieb der K\u00fchleinrichtungen zugef\u00fchrt. Durch Glast\u00fcren vor den K\u00fchlm\u00f6beln wird der K\u00e4lteverlust direkt vermieden und der uneingeschr\u00e4nkte Einblick auf das Warenangebot bleibt erhalten\u201c, freut Hasan Akdeniz. Die integrierte LED-K\u00fchlm\u00f6belbeleuchtung sowie energiesparende L\u00fcfter verringern den Energiebedarf zus\u00e4tzlich. Die Glast\u00fcren der Tiefk\u00fchlschr\u00e4nke sind zus\u00e4tzlich mit einer Antifogbeschichtung versehen, somit kann tegut\u00e2\u20ac\u00a6 auf die bisher standardm\u00e4\u00dfig ben\u00f6tigte elektrische Scheibenheizung verzichten und gleichzeitig wird ein Beschlagen der Scheiben beim \u00d6ffnen verhindert.<\/p>\n<p>Hierdurch kann tegut\u00e2\u20ac\u00a6 alleine bei diesem Markt etwa 60 Tonnen klimasch\u00e4dliches CO2 pro Jahr einsparen und setzt bei der Versorgung seiner M\u00e4rkte auf 100 Prozent \u00d6kostrom. \u201eIn Schl\u00fcchtern werden sogar 90 Prozent des ben\u00f6tigten Stroms durch die Photovoltaik-Anlage auf dem Dach des Marktes erzeugt. So freuen wir uns, dass wir unseren Kunden nun auch in Schl\u00fcchtern den Einkauf in einem nachhaltig arbeitenden Markt mit einer breiten Auswahl an Bio-Produkten bieten k\u00f6nnen &#8211; ganz nach dem Motto: \u201egut f\u00fcr mich, gut f\u00fcr dich, gut f\u00fcr unsere Zukunft!\u201c, so Thomas St\u00e4b Gebietsverantwortlicher bei tegut\u00e2\u20ac\u00a6<\/p>\n","protected":false},"excerpt":{"rendered":"<div class=\"tmnf_excerpt\"><p>Schl\u00fcchtern. Die Erde ist zur Entwicklungsgrundlage f\u00fcr uns Menschen, unsere Kinder und Kindeskinder geschaffen. Es gilt sie zu erhalten und zu pflegen, vor allem in den wirtschaftlichen Prozessen muss verantwortungsbewusst und tragf\u00e4hig gehandelt werden, damit die Existenzgrundlage zuk\u00fcnftiger Generationen erhalten bleibt. An diesem Punkt hat tegut\u00e2\u20ac\u00a6 in der Breitenbacher Stra\u00dfe 22 angesetzt und den Markt &hellip;<\/p>\n<\/div>","protected":false},"author":1,"featured_media":0,"comment_status":"closed","ping_status":"closed","sticky":false,"template":"","format":"standard","meta":{"footnotes":""},"categories":[1,37],"tags":[],"class_list":["post-124494","post","type-post","status-publish","format-standard","hentry","category-startseite","category-essen-und-trinken"],"_links":{"self":[{"href":"https:\/\/www.fuldaernachrichten.de\/index.php?rest_route=\/wp\/v2\/posts\/124494","targetHints":{"allow":["GET"]}}],"collection":[{"href":"https:\/\/www.fuldaernachrichten.de\/index.php?rest_route=\/wp\/v2\/posts"}],"about":[{"href":"https:\/\/www.fuldaernachrichten.de\/index.php?rest_route=\/wp\/v2\/types\/post"}],"author":[{"embeddable":true,"href":"https:\/\/www.fuldaernachrichten.de\/index.php?rest_route=\/wp\/v2\/users\/1"}],"replies":[{"embeddable":true,"href":"https:\/\/www.fuldaernachrichten.de\/index.php?rest_route=%2Fwp%2Fv2%2Fcomments&post=124494"}],"version-history":[{"count":1,"href":"https:\/\/www.fuldaernachrichten.de\/index.php?rest_route=\/wp\/v2\/posts\/124494\/revisions"}],"predecessor-version":[{"id":124496,"href":"https:\/\/www.fuldaernachrichten.de\/index.php?rest_route=\/wp\/v2\/posts\/124494\/revisions\/124496"}],"wp:attachment":[{"href":"https:\/\/www.fuldaernachrichten.de\/index.php?rest_route=%2Fwp%2Fv2%2Fmedia&parent=124494"}],"wp:term":[{"taxonomy":"category","embeddable":true,"href":"https:\/\/www.fuldaernachrichten.de\/index.php?rest_route=%2Fwp%2Fv2%2Fcategories&post=124494"},{"taxonomy":"post_tag","embeddable":true,"href":"https:\/\/www.fuldaernachrichten.de\/index.php?rest_route=%2Fwp%2Fv2%2Ftags&post=124494"}],"curies":[{"name":"wp","href":"https:\/\/api.w.org\/{rel}","templated":true}]}}