{"id":124471,"date":"2014-05-26T00:09:57","date_gmt":"2014-05-26T00:09:57","guid":{"rendered":"http:\/\/www.fuldaer-nachrichten.de\/?p=124471"},"modified":"2014-05-25T17:44:08","modified_gmt":"2014-05-25T17:44:08","slug":"das-furstliche-gartenfest-der-ruckblick","status":"publish","type":"post","link":"https:\/\/www.fuldaernachrichten.de\/?p=124471","title":{"rendered":"Das Fu\u00cc\u02c6rstliche Gartenfest: Der Ru\u00cc\u02c6ckblick"},"content":{"rendered":"<p><a href=\"http:\/\/www.fuldaer-nachrichten.de\/wp-content\/uploads\/2014\/05\/Das-F\u00fcrstliche-Gartenfest-Schloss-Fasanerie1-2014.jpg\"><img fetchpriority=\"high\" decoding=\"async\" class=\"alignnone size-full wp-image-124474\" src=\"http:\/\/www.fuldaer-nachrichten.de\/wp-content\/uploads\/2014\/05\/Das-F\u00fcrstliche-Gartenfest-Schloss-Fasanerie1-2014.jpg\" alt=\"Das F\u00fcrstliche Gartenfest Schloss Fasanerie1 2014\" width=\"560\" height=\"357\" \/><\/a><\/p>\n<p>Fulda\/Eichenzell. Entspannt unter Obstba\u00cc\u02c6umen flanieren, einzigartige Gartenscha\u00cc\u02c6tze entdecken und praktische Tipps von &#8216;gru\u00cc\u02c6nen&#8217; Experten sammeln &#8211; das 15. Fu\u00cc\u02c6rstliche Gartenfest lud am vergangenen Wochenende zu einer kleinen, fru\u00cc\u02c6hsommerlichen Auszeit in traumhaftem Ambiente. 23.500 Besucher folgten der Einladung und lie\u00dfen sich auf Schloss Fasanerie vom Sonderthema \u201eGartenland Frankreich\u201c inspirieren.<!--more--><\/p>\n<p><a href=\"http:\/\/www.fuldaer-nachrichten.de\/wp-content\/uploads\/2014\/05\/Das-F\u00fcrstliche-Gartenfest-Schloss-Fasanerie-2014.jpg\"><img decoding=\"async\" class=\"alignleft size-thumbnail wp-image-124473\" src=\"http:\/\/www.fuldaer-nachrichten.de\/wp-content\/uploads\/2014\/05\/Das-F\u00fcrstliche-Gartenfest-Schloss-Fasanerie-2014-265x175.jpg\" alt=\"Das F\u00fcrstliche Gartenfest Schloss Fasanerie 2014\" width=\"265\" height=\"175\" \/><\/a>Unter den franzo\u00cc\u02c6sischen Austellern lockten bekannte Namen wir Iris Cayeux, Arre\u00cc\u0081e Succulentes und der Gartenzimmermann Dominique Legros. Antoine Jakobsohn, Direktor des unter Ludwig XIV. angelegten &#8220;Potager du Roi&#8221; im Schloss von Versailles, berichtete mit charmantem Akzent vom gro\u00cc\u02c6\u00dften aller Ku\u00cc\u02c6chenga\u00cc\u02c6rten. \u201eIch habe mich sehr gefreut, dass anla\u00cc\u02c6sslich des Sonderthemas auch Pflanzenspezialisten aus Su\u00cc\u02c6dfrankreich und der Bretagne nach Fasanerie gekommen sind\u201c, betont Projektleiterin Anja Heil. \u201eMit ihrem beeindruckenden Sortiment haben sie das Sonderthema wunderbar bereichert.\u201c Insgesamt 173 Aussteller haben in diesem Jahr die Besucherwu\u00cc\u02c6nsche erfu\u00cc\u02c6llt.<\/p>\n<p>Da mischten sich Rosendu\u00cc\u02c6fte sanft mit ko\u00cc\u02c6stlichem Waffelaroma, und liebevoll dekorierte Sta\u00cc\u02c6nde luden zum Sto\u00cc\u02c6bern und Kaufen. In den Innenho\u00cc\u02c6fen, im Obst- und Hofgarten und in den Scheunen von Hessens scho\u00cc\u02c6nstem Barockschloss lie\u00df es sich trefflich genie\u00dfen, staunen und natu\u00cc\u02c6rlich einkaufen: Die Auswahl pflanzlicher Rarita\u00cc\u02c6ten war gro\u00df und an den vielen wunderscho\u00cc\u02c6nen Accessoires konnte man nicht einfach vorbeigehen!<\/p>\n<p>Und auch der diesja\u00cc\u02c6hrige Schaugarten lies immer wieder Besucher erstaunt verharren: Darf man Rasen blau fa\u00cc\u02c6rben? Sind Begonien und Petunien altbacken? Wo ist denn hier das Feuerwerk? \u2013 Fu\u00cc\u02c6r Gespra\u00cc\u02c6chsstoff war gesorgt. Aus drei Entwu\u00cc\u02c6rfen von den Abonnenten der Fachzeitschrift \u201eGartenpraxis\u201c auf den ersten Platz gewa\u00cc\u02c6hlt, hatte \u201eLudwigs Feuerwerk\u201c von Jenny Hauser das Zeug zum Aufreger. Dabei wurde aber bereits zu Zeiten des Sonnenko\u00cc\u02c6nigs der barocke Park mit eingefa\u00cc\u02c6rbtem Kies geschmu\u00cc\u02c6ckt. Die Optik za\u00cc\u02c6hlte und dafu\u00cc\u02c6r tu\u00cc\u02c6nchte und schmu\u00cc\u02c6ckte man, was das Zeug hielt. Und so knu\u00cc\u02c6pft der Schaugarten im Hofgarten von Schloss Fasanerie &#8211; ku\u00cc\u02c6nstlerisch u\u00cc\u02c6berho\u00cc\u02c6ht \u2013 an das Erbe einer vergangenen Gartenkultur an.<\/p>\n<p><a href=\"http:\/\/www.fuldaer-nachrichten.de\/wp-content\/uploads\/2014\/05\/Das-F\u00fcrstliche-Gartenfest-Schloss-Fasanerie3-2014.jpg\"><img decoding=\"async\" class=\"alignleft size-thumbnail wp-image-124472\" src=\"http:\/\/www.fuldaer-nachrichten.de\/wp-content\/uploads\/2014\/05\/Das-F\u00fcrstliche-Gartenfest-Schloss-Fasanerie3-2014-265x165.jpg\" alt=\"Das F\u00fcrstliche Gartenfest Schloss Fasanerie3 2014\" width=\"265\" height=\"165\" \/><\/a>\u201eIch bin begeistert von der U\u00cc\u02c6bereinstimmung der Planung und der Ausfu\u00cc\u02c6hrung\u201c, sagt Museumsdirektor Dr. Markus Miller. \u201eDie ganze Pflanzung wa\u00cc\u02c6re ohne den \u00e2\u20ac\u0161Nachthimmel\u00e2\u20ac\u02dc, also den blau geto\u00cc\u02c6nten Rasen, nur halb so eindrucksvoll. Unsere Schauga\u00cc\u02c6rten haben ja immer einen betont ku\u00cc\u02c6nstlerischen Aspekt, deswegen ist es auch legitim und spannend, experimentell zu gestalten.\u201c<\/p>\n<p>Mitglieder der Deutschen Gesellschaft fu\u00cc\u02c6r Gartenkunst und Landschaftskultur (DGGL) waren direkt am Schaugarten kompetente Ansprechpartner fu\u00cc\u02c6r Besucher. \u201eDie Gespra\u00cc\u02c6che reichten von gro\u00dfer Empo\u00cc\u02c6rung wegen des eingefa\u00cc\u02c6rbten Gru\u00cc\u02c6ns bis hin zu interessierten Nachfragen, wo man denn einen solch blauen Rasen beziehen ko\u00cc\u02c6nne\u201c, fasst Petra Hirsch, Vorsitzende der DGGL Hessen, zusammen.<\/p>\n<p>Viele Fragen mussten auch die Experten von der Pe\u00cc\u0081pinie\u00cc\u20acre des Deux Caps beantworten. Mit seiner Neuzu\u00cc\u02c6chtung einer Heucherella begeisterte er nicht nur die Gartenfestbesucher, sondern auch Donatus Landgraf von Hessen: Die eindrucksvolle Kreuzung zwischen Purpurglo\u00cc\u02c6ckchen (Heuchera) und Schaumblu\u00cc\u02c6te (Tiarella) bekam den Landgraf-von-Hessen-Preis. \u201eIm Unterschied zu fru\u00cc\u02c6heren Jahren, in denen ich recht unscheinbare Pflanzen aufgrund ihrer botanischen Besonderheit pra\u00cc\u02c6miert habe, freut es mich, in diesem Jahr meinen Preis einer a\u00cc\u02c6u\u00dferst repra\u00cc\u02c6sentativen Staude verliehen zu haben\u201c, so der Landgraf. Weitere Auszeichnungen wurden in den Kategorien Botanik, A\u00cc\u02c6sthetik, Umsetzung des Sonderthemas und fu\u00cc\u02c6r besondere Produkte vergeben. Auf der Homepage www.gartenfest.de sind alle ausgezeichneten Aussteller aufgefu\u00cc\u02c6hrt.<\/p>\n<p>Fu\u00cc\u02c6rstliche Gartenkultur erwartet Gartenliebhaber auch im na\u00cc\u02c6chsten Jahr auf Schloss Fasanerie. Der Termin steht bereits fest: Das Fu\u00cc\u02c6rstliche Gartenfest wird vom 22. bis 25. Mai 2015 (Pfingsten) stattfinden. Das Sonderthema 2015 lautet \u201eLieblingspla\u00cc\u02c6tze\u201c. Vorher allerdings la\u00cc\u02c6dt Schloss Wolfsgarten in Langen bei Frankfurt\/Main zu Gartenkultur und stilvoller Lebensart: Das Fu\u00cc\u02c6rstliche Gartenfest Schloss Wolfsgarten o\u00cc\u02c6ffnet vom 19. bis 21. September 2014 seine Pforten. Hier lautet das Sonderthema \u201eGa\u00cc\u02c6rten fu\u00cc\u02c6r Gourmets\u201c.<\/p>\n","protected":false},"excerpt":{"rendered":"<div class=\"tmnf_excerpt\"><p>Fulda\/Eichenzell. Entspannt unter Obstba\u00cc\u02c6umen flanieren, einzigartige Gartenscha\u00cc\u02c6tze entdecken und praktische Tipps von &#8216;gru\u00cc\u02c6nen&#8217; Experten sammeln &#8211; das 15. Fu\u00cc\u02c6rstliche Gartenfest lud am vergangenen Wochenende zu einer kleinen, fru\u00cc\u02c6hsommerlichen Auszeit in traumhaftem Ambiente. 23.500 Besucher folgten der Einladung und lie\u00dfen sich auf Schloss Fasanerie vom Sonderthema \u201eGartenland Frankreich\u201c inspirieren.<\/p>\n<\/div>","protected":false},"author":1,"featured_media":0,"comment_status":"closed","ping_status":"closed","sticky":false,"template":"","format":"standard","meta":{"footnotes":""},"categories":[1,78,52],"tags":[],"class_list":["post-124471","post","type-post","status-publish","format-standard","hentry","category-startseite","category-topthema","category-umwelt"],"_links":{"self":[{"href":"https:\/\/www.fuldaernachrichten.de\/index.php?rest_route=\/wp\/v2\/posts\/124471","targetHints":{"allow":["GET"]}}],"collection":[{"href":"https:\/\/www.fuldaernachrichten.de\/index.php?rest_route=\/wp\/v2\/posts"}],"about":[{"href":"https:\/\/www.fuldaernachrichten.de\/index.php?rest_route=\/wp\/v2\/types\/post"}],"author":[{"embeddable":true,"href":"https:\/\/www.fuldaernachrichten.de\/index.php?rest_route=\/wp\/v2\/users\/1"}],"replies":[{"embeddable":true,"href":"https:\/\/www.fuldaernachrichten.de\/index.php?rest_route=%2Fwp%2Fv2%2Fcomments&post=124471"}],"version-history":[{"count":1,"href":"https:\/\/www.fuldaernachrichten.de\/index.php?rest_route=\/wp\/v2\/posts\/124471\/revisions"}],"predecessor-version":[{"id":124475,"href":"https:\/\/www.fuldaernachrichten.de\/index.php?rest_route=\/wp\/v2\/posts\/124471\/revisions\/124475"}],"wp:attachment":[{"href":"https:\/\/www.fuldaernachrichten.de\/index.php?rest_route=%2Fwp%2Fv2%2Fmedia&parent=124471"}],"wp:term":[{"taxonomy":"category","embeddable":true,"href":"https:\/\/www.fuldaernachrichten.de\/index.php?rest_route=%2Fwp%2Fv2%2Fcategories&post=124471"},{"taxonomy":"post_tag","embeddable":true,"href":"https:\/\/www.fuldaernachrichten.de\/index.php?rest_route=%2Fwp%2Fv2%2Ftags&post=124471"}],"curies":[{"name":"wp","href":"https:\/\/api.w.org\/{rel}","templated":true}]}}