{"id":124461,"date":"2014-05-26T00:10:25","date_gmt":"2014-05-26T00:10:25","guid":{"rendered":"http:\/\/www.fuldaer-nachrichten.de\/?p=124461"},"modified":"2014-05-25T17:38:44","modified_gmt":"2014-05-25T17:38:44","slug":"stadtfuehrungen-an-den-langen-wochenenden","status":"publish","type":"post","link":"https:\/\/www.fuldaernachrichten.de\/?p=124461","title":{"rendered":"Stadtf\u00fchrungen an den langen Wochenenden"},"content":{"rendered":"<p><a href=\"http:\/\/www.fuldaer-nachrichten.de\/wp-content\/uploads\/2014\/05\/K1024_Westliche-Festungsmauer.jpg\"><img fetchpriority=\"high\" decoding=\"async\" class=\"alignleft size-thumbnail wp-image-124462\" src=\"http:\/\/www.fuldaer-nachrichten.de\/wp-content\/uploads\/2014\/05\/K1024_Westliche-Festungsmauer-265x198.jpg\" alt=\"K1024_Westliche Festungsmauer\" width=\"265\" height=\"198\" srcset=\"https:\/\/www.fuldaernachrichten.de\/wp-content\/uploads\/2014\/05\/K1024_Westliche-Festungsmauer-265x198.jpg 265w, https:\/\/www.fuldaernachrichten.de\/wp-content\/uploads\/2014\/05\/K1024_Westliche-Festungsmauer.jpg 600w\" sizes=\"(max-width: 265px) 100vw, 265px\" \/><\/a>B\u00fcdingen. In den Gr\u00e4ben ist kein Wasser mehr, aber sonst fast alles noch so wie vor 500 Jahren: B\u00fcdingen darf sich gl\u00fccklich sch\u00e4tzen, eine der am besten erhaltenen Befestigungsanlagen Deutschlands zu besitzen, die wie kaum eine andere f\u00fcr den \u00dcbergang vom Mittelalter zur Neuzeit steht. Am Sonntag, den 01. Juni 2014 l\u00e4dt die Tourist-Information zu der Sonderf\u00fchrung \u201e500 Jahre Festungskunst \u2013 Bollwerk, Hexenturm &amp; Festungsgraben\u201c ein.<\/p>\n<p>Der 1511 mit dem Tode des Grafen Ludwig zu Ende gehende Festungsbau war vordergr\u00fcndig eine herrschaftliche Ma\u00dfnahme, doch er hat sich auf das Leben der Bewohner nachhaltig ausgewirkt. Denn die B\u00fcrger waren nun in noch st\u00e4rkerem Ma\u00dfe am Unterhalt der Wehranlagen beteiligt, sie hatten Pf\u00f6rtner und W\u00e4chter zu stellen und wurden in Konfliktzeiten zur Verteidigung aufgeboten. Diesen und anderen Fragen soll bei einem Rundgang durch die Stadt nachgegangen werden.<!--more--><\/p>\n<p>Am Pfingstwochenende findet am Sonntag 08.06.2014, um 14:30 Uhr eine klassische Altstadtf\u00fchrung statt. Bei der 1,5-st\u00fcndigen Altstadtf\u00fchrung lernen die Teilnehmer die wichtigsten Baudenkm\u00e4ler und sch\u00f6nsten Ecken und Winkel der mittelalterlichen Festungsstadt kennen. Sie erfahren mehr \u00fcber die beeindruckende Festungsanlage, das Steinerne Haus, das gotische Rathaus und das Wahrzeichen B\u00fcdingens, das Jerusalemer Tor. Dabei wird auch die ein oder andere unterhaltsame Episode aus B\u00fcdingens Vergangenheit preisgegeben.<\/p>\n<p>Am Pfingstmontag, dem 09. Juni um 14.30 Uhr k\u00f6nnen Interessierte an der Sonderf\u00fchrung B\u00fcdingen als Sammelplatz der Auswanderung nach Russland 1766 teilnehmen.<\/p>\n<p>Bei einem Rundgang durch die historische Altstadt erf\u00e4hrt der Besucher alles \u00fcber die Hintergr\u00fcnde dieser Auswanderungswelle, die Organisation des Ansturms von Auswanderungswilligen, die Massenhochzeiten in der Marienkirche w\u00e4hrend dieser Monate und besichtigt die \u00d6rtlichkeiten des damaligen Geschehens.<\/p>\n<p>Die Rundg\u00e4nge beginnen jeweils um 14:30 Uhr ab Marktplatz und kosten jeweils 5,50 \u00e2\u201a\u00ac f\u00fcr Erwachsene und 3 \u00e2\u201a\u00ac f\u00fcr Kinder. Karten bei der Tourist-Information B\u00fcdingen, Marktplatz 9, 63654 B\u00fcdingen, Telefon: 06042-96370, <a href=\"mailto:mail@buedingen.info\">mail@buedingen.info<\/a>. Mehr Informationen unter: <a href=\"http:\/\/www.buedingen.info\">www.buedingen.info<\/a> .<\/p>\n<p>&nbsp;<\/p>\n","protected":false},"excerpt":{"rendered":"<div class=\"tmnf_excerpt\"><p>B\u00fcdingen. In den Gr\u00e4ben ist kein Wasser mehr, aber sonst fast alles noch so wie vor 500 Jahren: B\u00fcdingen darf sich gl\u00fccklich sch\u00e4tzen, eine der am besten erhaltenen Befestigungsanlagen Deutschlands zu besitzen, die wie kaum eine andere f\u00fcr den \u00dcbergang vom Mittelalter zur Neuzeit steht. Am Sonntag, den 01. Juni 2014 l\u00e4dt die Tourist-Information zu &hellip;<\/p>\n<\/div>","protected":false},"author":1,"featured_media":0,"comment_status":"closed","ping_status":"closed","sticky":false,"template":"","format":"standard","meta":{"footnotes":""},"categories":[1],"tags":[],"class_list":["post-124461","post","type-post","status-publish","format-standard","hentry","category-startseite"],"_links":{"self":[{"href":"https:\/\/www.fuldaernachrichten.de\/index.php?rest_route=\/wp\/v2\/posts\/124461","targetHints":{"allow":["GET"]}}],"collection":[{"href":"https:\/\/www.fuldaernachrichten.de\/index.php?rest_route=\/wp\/v2\/posts"}],"about":[{"href":"https:\/\/www.fuldaernachrichten.de\/index.php?rest_route=\/wp\/v2\/types\/post"}],"author":[{"embeddable":true,"href":"https:\/\/www.fuldaernachrichten.de\/index.php?rest_route=\/wp\/v2\/users\/1"}],"replies":[{"embeddable":true,"href":"https:\/\/www.fuldaernachrichten.de\/index.php?rest_route=%2Fwp%2Fv2%2Fcomments&post=124461"}],"version-history":[{"count":1,"href":"https:\/\/www.fuldaernachrichten.de\/index.php?rest_route=\/wp\/v2\/posts\/124461\/revisions"}],"predecessor-version":[{"id":124464,"href":"https:\/\/www.fuldaernachrichten.de\/index.php?rest_route=\/wp\/v2\/posts\/124461\/revisions\/124464"}],"wp:attachment":[{"href":"https:\/\/www.fuldaernachrichten.de\/index.php?rest_route=%2Fwp%2Fv2%2Fmedia&parent=124461"}],"wp:term":[{"taxonomy":"category","embeddable":true,"href":"https:\/\/www.fuldaernachrichten.de\/index.php?rest_route=%2Fwp%2Fv2%2Fcategories&post=124461"},{"taxonomy":"post_tag","embeddable":true,"href":"https:\/\/www.fuldaernachrichten.de\/index.php?rest_route=%2Fwp%2Fv2%2Ftags&post=124461"}],"curies":[{"name":"wp","href":"https:\/\/api.w.org\/{rel}","templated":true}]}}