{"id":124356,"date":"2014-05-23T05:47:30","date_gmt":"2014-05-23T05:47:30","guid":{"rendered":"http:\/\/www.fuldaer-nachrichten.de\/?p=124356"},"modified":"2014-05-23T05:47:30","modified_gmt":"2014-05-23T05:47:30","slug":"musik-und-tanz-aus-suedafrika","status":"publish","type":"post","link":"https:\/\/www.fuldaernachrichten.de\/?p=124356","title":{"rendered":"Musik und Tanz aus S\u00fcdafrika"},"content":{"rendered":"<p>Petersberg. 15 junge Musiker(innen) eines Auswahlchores aus S\u00fcdafrika sind im Mai zu Besuch in Deutschland. Die Jugendlichen blasen, musizieren, singen und tanzen am Sonntag, 25. Mai um 18.30 Uhr in der Evangelische Kirche St. Johann Petersberg, Fulda. Im Rahmen eines von der Uni Stellenbosch gef\u00f6rderten Projektes besucht Shaun Cloete, langj\u00e4hriges Mitglied im Posaunenchor Genadendal und Instrumentallehrer, w\u00f6chentlich verschiedene Schulen, um mit den Kindern und Jugendlichen dort zu singen und zu musizieren. Aus diesen Sch\u00fclern hat er einen Auswahlchor zusammengestellt, der auf offizielle Einladung vom Posaunenwerk der EKKW, hin vom10.-26. Mai eine Konzertreise nach Deutschland machen darf. F\u00fcr die Jugendlichen wird diese Reise ein einmaliges Erlebnis sein.<!--more--><\/p>\n<p>Am 25.5. um 18.30 Uhr k\u00f6nnen Sie die jungen S\u00fcdafrikanerinnen und S\u00fcdafrikaner in der Evang. Kirche St. Johann sehen, h\u00f6ren und erleben. Ihr musikalisches Gesp\u00fcr werden sie zun\u00e4chst auf ihren Blechblasinstrumenten unter Beweis stellen und sowohl europ\u00e4ische Bl\u00e4sermusik als auch afrikanische Rhythmen zum Besten geben. So wird z. B. der bekannte Kanon von Johann Pachelbel und das St\u00fcck \u201eShisa\u201c des s\u00fcdafrikanischen Komponisten und Pianisten Abdullah Ibrahim zu h\u00f6ren sein. Neben dem uns vertrauten Klang von Trompete, Posaune, Euphonium und Tuba werden aber auch Marimbas zu h\u00f6ren sein. Marimbas geh\u00f6ren zur Familie der Xylophone und nehmen Sie hinein in die afrikanische Klangwelt. Tanzeinlagen und s\u00fcdafrikanische Hymnen wie \u201eSiyahamba\u201c und \u201eMasiti\u201c lassen die Zuh\u00f6rer den Alltag vergessen und ganz eintauchen in die fr\u00f6hliche und unkomplizierte s\u00fcdafrikanische Lebensart. Der Eintritt ist frei.<\/p>\n<p>&nbsp;<\/p>\n","protected":false},"excerpt":{"rendered":"<div class=\"tmnf_excerpt\"><p>Petersberg. 15 junge Musiker(innen) eines Auswahlchores aus S\u00fcdafrika sind im Mai zu Besuch in Deutschland. Die Jugendlichen blasen, musizieren, singen und tanzen am Sonntag, 25. Mai um 18.30 Uhr in der Evangelische Kirche St. Johann Petersberg, Fulda. Im Rahmen eines von der Uni Stellenbosch gef\u00f6rderten Projektes besucht Shaun Cloete, langj\u00e4hriges Mitglied im Posaunenchor Genadendal und &hellip;<\/p>\n<\/div>","protected":false},"author":1,"featured_media":0,"comment_status":"closed","ping_status":"closed","sticky":false,"template":"","format":"standard","meta":{"footnotes":""},"categories":[1,44],"tags":[],"class_list":["post-124356","post","type-post","status-publish","format-standard","hentry","category-startseite","category-kultur"],"_links":{"self":[{"href":"https:\/\/www.fuldaernachrichten.de\/index.php?rest_route=\/wp\/v2\/posts\/124356","targetHints":{"allow":["GET"]}}],"collection":[{"href":"https:\/\/www.fuldaernachrichten.de\/index.php?rest_route=\/wp\/v2\/posts"}],"about":[{"href":"https:\/\/www.fuldaernachrichten.de\/index.php?rest_route=\/wp\/v2\/types\/post"}],"author":[{"embeddable":true,"href":"https:\/\/www.fuldaernachrichten.de\/index.php?rest_route=\/wp\/v2\/users\/1"}],"replies":[{"embeddable":true,"href":"https:\/\/www.fuldaernachrichten.de\/index.php?rest_route=%2Fwp%2Fv2%2Fcomments&post=124356"}],"version-history":[{"count":1,"href":"https:\/\/www.fuldaernachrichten.de\/index.php?rest_route=\/wp\/v2\/posts\/124356\/revisions"}],"predecessor-version":[{"id":124357,"href":"https:\/\/www.fuldaernachrichten.de\/index.php?rest_route=\/wp\/v2\/posts\/124356\/revisions\/124357"}],"wp:attachment":[{"href":"https:\/\/www.fuldaernachrichten.de\/index.php?rest_route=%2Fwp%2Fv2%2Fmedia&parent=124356"}],"wp:term":[{"taxonomy":"category","embeddable":true,"href":"https:\/\/www.fuldaernachrichten.de\/index.php?rest_route=%2Fwp%2Fv2%2Fcategories&post=124356"},{"taxonomy":"post_tag","embeddable":true,"href":"https:\/\/www.fuldaernachrichten.de\/index.php?rest_route=%2Fwp%2Fv2%2Ftags&post=124356"}],"curies":[{"name":"wp","href":"https:\/\/api.w.org\/{rel}","templated":true}]}}