{"id":124339,"date":"2014-05-22T00:17:05","date_gmt":"2014-05-22T00:17:05","guid":{"rendered":"http:\/\/www.fuldaer-nachrichten.de\/?p=124339"},"modified":"2014-05-21T18:04:24","modified_gmt":"2014-05-21T18:04:24","slug":"73-junge-menschen-starten-in-2014-ihre-ausbildung-bei-edag-und-fft","status":"publish","type":"post","link":"https:\/\/www.fuldaernachrichten.de\/?p=124339","title":{"rendered":"73 junge Menschen starten in 2014 ihre Ausbildung bei EDAG und FFT"},"content":{"rendered":"<p><a href=\"http:\/\/www.fuldaer-nachrichten.de\/wp-content\/uploads\/2014\/05\/EDAG_Azubis_Gruppe_2014_2015_300dpi.jpg\"><img decoding=\"async\" class=\"alignleft size-thumbnail wp-image-124340\" src=\"http:\/\/www.fuldaer-nachrichten.de\/wp-content\/uploads\/2014\/05\/EDAG_Azubis_Gruppe_2014_2015_300dpi-265x121.jpg\" alt=\"EDAG_Azubis_Gruppe_2014_2015_300dpi\" width=\"265\" height=\"121\" srcset=\"https:\/\/www.fuldaernachrichten.de\/wp-content\/uploads\/2014\/05\/EDAG_Azubis_Gruppe_2014_2015_300dpi-265x121.jpg 265w, https:\/\/www.fuldaernachrichten.de\/wp-content\/uploads\/2014\/05\/EDAG_Azubis_Gruppe_2014_2015_300dpi.jpg 600w\" sizes=\"(max-width: 265px) 100vw, 265px\" \/><\/a>Fulda. Bevor es am 15. August bzw. am 01. Oktober f\u00fcr die 73 neuen Fuldaer Auszubildenden bzw. Studenten Dualer Studieng\u00e4nge mit dem wichtigen Schritt in das Berufsleben so richtig los geht, lud die EDAG Group und die Fa. FFT am 16.5.21014 ihre neuen Nachwuchskr\u00e4fte an den Hauptsitz zu einer \u201eVorpremiere\u201c ein. Neben einigen organisatorischen Fragestellungen standen das gegenseitige Kennenlernen und der erste Kontakt zum Unternehmen im Vordergrund der Veranstaltung.<!--more--><\/p>\n<p>\u201eWir m\u00f6chten, dass sich unsere neuen Auszubildenden auch untereinander kennenlernen. Schlie\u00dflich bilden sie in den n\u00e4chsten Jahren w\u00e4hrend ihrer Ausbildung und dar\u00fcber hinaus ein Team. Gerne haben wir auch die Eltern mit eingeladen, um Ihnen einen Eindruck zu vermitteln, wo ihre Kinder ins Berufsleben starten und den Grundstein f\u00fcr ihre individuelle Karriere legen.\u201c, erl\u00e4utert Alexandra Dantmann, Leiterin Personalrecruiting und -entwicklung.<\/p>\n<p>Mit 73 Auszubildenden\/Dualen Studenten am Standort Fulda werden weitere 100<br \/>\nAusbildungspl\u00e4tze an den weiteren bundesweiten Standorten der EDAG Group und des Schwesterunternehmens FFT angeboten. Aktuell weist das Unternehmen eine Ausbildungsquote von \u00fcber 12 Prozent aus und z\u00e4hlt zu den gr\u00f6\u00dften Ausbildungsbetrieben der Region.<\/p>\n<p>\u201eWir freuen uns, dass Sie sich f\u00fcr eine Ausbildung bei EDAG entschieden haben.<br \/>\nIch kann Ihnen heute bereits versichern, dass Sie nach Ihrer erfolgreichen Ausbildung oder Ihres Dualen Studiums viele spannende und zahlreiche Karrierem\u00f6glichkeiten im In- und Ausland vorfinden werden.\u201c, betonte EDAG CEO Werner Kropsbauer in seiner Ansprache in Fulda. Seit 1973 haben \u00fcber 1.500 junge Menschen bei EDAG bereits den Einstieg in ihren Wunschberuf in der Automobilentwicklung gefunden.<\/p>\n","protected":false},"excerpt":{"rendered":"<div class=\"tmnf_excerpt\"><p>Fulda. Bevor es am 15. August bzw. am 01. Oktober f\u00fcr die 73 neuen Fuldaer Auszubildenden bzw. Studenten Dualer Studieng\u00e4nge mit dem wichtigen Schritt in das Berufsleben so richtig los geht, lud die EDAG Group und die Fa. FFT am 16.5.21014 ihre neuen Nachwuchskr\u00e4fte an den Hauptsitz zu einer \u201eVorpremiere\u201c ein. Neben einigen organisatorischen Fragestellungen &hellip;<\/p>\n<\/div>","protected":false},"author":1,"featured_media":0,"comment_status":"closed","ping_status":"closed","sticky":false,"template":"","format":"standard","meta":{"footnotes":""},"categories":[1,29],"tags":[],"class_list":["post-124339","post","type-post","status-publish","format-standard","hentry","category-startseite","category-politik"],"_links":{"self":[{"href":"https:\/\/www.fuldaernachrichten.de\/index.php?rest_route=\/wp\/v2\/posts\/124339","targetHints":{"allow":["GET"]}}],"collection":[{"href":"https:\/\/www.fuldaernachrichten.de\/index.php?rest_route=\/wp\/v2\/posts"}],"about":[{"href":"https:\/\/www.fuldaernachrichten.de\/index.php?rest_route=\/wp\/v2\/types\/post"}],"author":[{"embeddable":true,"href":"https:\/\/www.fuldaernachrichten.de\/index.php?rest_route=\/wp\/v2\/users\/1"}],"replies":[{"embeddable":true,"href":"https:\/\/www.fuldaernachrichten.de\/index.php?rest_route=%2Fwp%2Fv2%2Fcomments&post=124339"}],"version-history":[{"count":1,"href":"https:\/\/www.fuldaernachrichten.de\/index.php?rest_route=\/wp\/v2\/posts\/124339\/revisions"}],"predecessor-version":[{"id":124341,"href":"https:\/\/www.fuldaernachrichten.de\/index.php?rest_route=\/wp\/v2\/posts\/124339\/revisions\/124341"}],"wp:attachment":[{"href":"https:\/\/www.fuldaernachrichten.de\/index.php?rest_route=%2Fwp%2Fv2%2Fmedia&parent=124339"}],"wp:term":[{"taxonomy":"category","embeddable":true,"href":"https:\/\/www.fuldaernachrichten.de\/index.php?rest_route=%2Fwp%2Fv2%2Fcategories&post=124339"},{"taxonomy":"post_tag","embeddable":true,"href":"https:\/\/www.fuldaernachrichten.de\/index.php?rest_route=%2Fwp%2Fv2%2Ftags&post=124339"}],"curies":[{"name":"wp","href":"https:\/\/api.w.org\/{rel}","templated":true}]}}