{"id":124336,"date":"2014-05-22T00:18:40","date_gmt":"2014-05-22T00:18:40","guid":{"rendered":"http:\/\/www.fuldaer-nachrichten.de\/?p=124336"},"modified":"2014-05-21T18:02:55","modified_gmt":"2014-05-21T18:02:55","slug":"daheim-gut-umsorgt-seit-20-jahren-ist-mediana-mobil-fuer-die-menschen-in-der-region-da","status":"publish","type":"post","link":"https:\/\/www.fuldaernachrichten.de\/?p=124336","title":{"rendered":"Daheim gut umsorgt \u00e2\u20ac\u00a6- seit 20 Jahren ist Mediana Mobil f\u00fcr die Menschen in der Region da"},"content":{"rendered":"<div id=\"attachment_124337\" style=\"width: 275px\" class=\"wp-caption alignleft\"><a href=\"http:\/\/www.fuldaer-nachrichten.de\/wp-content\/uploads\/2014\/05\/Med-MedianaMobil1neu.jpg\"><img fetchpriority=\"high\" decoding=\"async\" aria-describedby=\"caption-attachment-124337\" class=\"size-thumbnail wp-image-124337\" src=\"http:\/\/www.fuldaer-nachrichten.de\/wp-content\/uploads\/2014\/05\/Med-MedianaMobil1neu-265x242.jpg\" alt=\"Freuen sich \u00fcber das besondere Jubil\u00e4um (von links): Hartmut A. Schwab, Hans-Karl Diederich, Markus Otto\" width=\"265\" height=\"242\" srcset=\"https:\/\/www.fuldaernachrichten.de\/wp-content\/uploads\/2014\/05\/Med-MedianaMobil1neu-265x242.jpg 265w, https:\/\/www.fuldaernachrichten.de\/wp-content\/uploads\/2014\/05\/Med-MedianaMobil1neu.jpg 600w\" sizes=\"(max-width: 265px) 100vw, 265px\" \/><\/a><p id=\"caption-attachment-124337\" class=\"wp-caption-text\">Freuen sich \u00fcber das besondere Jubil\u00e4um (von links): Hartmut A. Schwab, Hans-Karl Diederich, Markus Otto<\/p><\/div>\n<p>Fulda. Im hohen Alter in den vertrauten Vierw\u00e4nden ein selbstbestimmtes Leben f\u00fchren oder trotz schwerer Krankheit im eigenen Zuhause bleiben \u2013 seit nunmehr 20 Jahren arbeitet Mediana Mobil daran, diesen Wunsch vieler Menschen zu erm\u00f6glichen. Die Mediana\/Seniana-Unternehmensgruppe, zu dem der Dienstleiter geh\u00f6rt, blickt nicht ohne Stolz auf eine erfolgreiche Entwicklung zur\u00fcck: \u201e1994 erforderte es gro\u00dfen Mut und unternehmerische Weitsicht einen mobilen Pflegedienst zu gr\u00fcnden\u201c, erkl\u00e4rt Gesch\u00e4ftsf\u00fchrer Hans-Karl Diederich und erg\u00e4nzt: \u201eErst ein Jahr sp\u00e4ter trat das Pflegeversicherungsgesetz in Kraft.\u201c Bis zu diesem Zeitpunkt sei es unsicher gewesen, ob die Kunden \u00fcberhaupt eine finanzielle Unterst\u00fctzung f\u00fcr die in Anspruch genommenen Dienstleistungen erhalten w\u00fcrden.<!--more--><\/p>\n<p>Doch der Mut wurde belohnt: Aus anfangs 10 sind mittlerweile 150 Mitarbeiter geworden, die f\u00fcr zirka 400 Kunden da sind. Und selbst der Fahrzeugpool hat sich gewandelt: \u201eWir dachten, im Stadtgebiet mit dem Fahrrad zu den Wohnungen der Klienten kommen zu k\u00f6nnen\u201c, erinnert sich Diederich mit einem Schmunzeln. Doch schnell war klar, dass ein Wirkungsbereich von Kalbach bis Petersberg und K\u00fcnzell und das Equipment, das die Pflegekr\u00e4fte brauchen, einen motorisierten Fahrzeugpool erfordert. 25 Autos sind heute im Einsatz, erkennbar an dem wohlvertrauten Mediana Mobil-Logo.<\/p>\n<p>W\u00e4hrend sich die Gr\u00f6\u00dfe von Mediana Mobil an den stetig wachsenden Kundenstamm anpasste, wurde doch eines in all den Jahren nie ge\u00e4ndert: \u201eVon Anfang an war unser Arbeiten an Qualit\u00e4t orientiert\u201c, sagt Markus Otto, Leiter von Mediana Mobil \u2013 Soziale Dienste. Diese Qualit\u00e4t hat sich der Pflegedienstleister bereits fr\u00fch bescheinigen lassen: \u201eWir waren der erste hessische Pflegedienst, der vom T\u00dcV zertifiziert wurde.\u201c Das war im Jahr 1997, damals wurde auch der Kinderkrankenpflegedienst als Teilbereich von Mediana Mobil er\u00f6ffnet. Bis heute ist er der einzige Pflegedienst, der im Landkreis Fulda die Versorgung schwer erkrankter Kinder mit einem eigenen Versorgungsvertrag in ihren Familien gew\u00e4hrleistet.<\/p>\n<p><strong>Pflege, Betreuung &amp; Begleitung, Hausnotruf und mehr<\/strong><\/p>\n<p>Urspr\u00fcnglich als Pflegedienstleister gegr\u00fcndet, bietet Mediana Mobil mittlerweile ein umfangreiches Leistungsspektrum: \u201eUnser Anspruch ist es, alle Dienstleistungen aus einer Hand anbieten zu k\u00f6nnen, unser Leitspruch: \u00e2\u20ac\u0161Geht nicht, gibt\u00e2\u20ac\u2122s nicht!\u201c, sagt Markus Otto. Die Dienstleistungen, die das Unternehmen erbringt, orientieren sich immer am Bedarf der Kunden selbst: \u201eWir sind so zu einem h\u00e4uslichen Vollversorger geworden, sicherlich ein wesentlicher Bestandteil unseres Erfolgs\u201c.<\/p>\n<p>Im gesamten Angebot sind dabei die hochqualifizierten, reinen Pfleget\u00e4tigkeiten, die nach Bedarf auch bis zur 24-Stunden-Pflege von intensivmedizinisch zu versorgenden Patienten ausgeweitet werden k\u00f6nnen, immer noch zentral. Mitarbeiter sind besonders geschult in Wundversorgung, es gibt Experten f\u00fcr au\u00dferklinische Heimbeatmung wie auch f\u00fcr Palliativversorgung. Es gibt eine 24-Stunden-Rufbereitschaft an 365 Tagen im Jahr und die Pflegeleistungen k\u00f6nnen zum Beispiel je nach akutem Bedarf, etwa wenn Angeh\u00f6rige verhindert sind, angepasst werden.<\/p>\n<p>Im Laufe der Jahre haben sich jedoch weitere wichtige Leistungsfelder herauskristallisiert: \u201eWir betreuen und begleiten Menschen in ihrem Alltag \u2013 jenseits eigentlicher Pflege\u201c, erl\u00e4utert Otto. Dazu z\u00e4hlt der Bereich der Familienpflege, wie die Unterst\u00fctzung von schwangeren M\u00fcttern, die Kinder zu versorgen haben, oder die Begleitung von Senioren zu ihren Arztterminen und zum Einkauf. \u201eEin Schwerpunkt ist, gemeinsam mit \u00e4lteren Menschen ihren Tag sinnvoll zu gestalten. Wir unterst\u00fctzen sie dabei, aktiv und fit zu bleiben \u2013 das kann auch bedeuten, dass wir mit dem Hund Gassi gehen oder dass wir ein Kaffeekr\u00e4nzchen f\u00fcr sie organisieren\u201c, verdeutlicht Otto.<\/p>\n<p><strong>Beratungsleistung wird immer wichtiger<\/strong><\/p>\n<p>Dar\u00fcber hinaus ber\u00e4t und schult Mediana Mobil Familien zuhause in allen Fragen rund um die Pflegesituation: Welche Angebote gibt es? Welche finanzielle Unterst\u00fctzung bei der Pflege ist m\u00f6glich und welche Anspr\u00fcche haben wir? Was bedeutet Demenz und wie gehe ich als Angeh\u00f6riger damit um? Dies sind nur einige Fragen, mit denen die Mitarbeiter von Mediana Mobil regelm\u00e4\u00dfig konfrontiert werden \u2013 und bei deren Beantwortung sie auf ihren reichen Erfahrungsfundus, ihre fachliche Ausbildung und ihr enges Netzwerk zu Krankenh\u00e4usern, \u00c4rzten, Medizinischem Dienst und Krankenkassen zur\u00fcckgreifen k\u00f6nnen.<\/p>\n<p>Um trotz dieses gro\u00dfen Wissens- und Kompetenzschatzes auch f\u00fcr die zuk\u00fcnftigen Erfordernisse ger\u00fcstet zu sein, setzt das Unternehmen auf die weitere Qualifizierung seiner Mitarbeiter. Das durch den demografischen Wandel immer st\u00e4rker in den Vordergrund dr\u00e4ngende Krankheitsbild \u201eDemenz\u201c ist auch f\u00fcr die Fachkr\u00e4fte Mediana Mobil ein Thema, dem sie sich aktiv stellen: \u201eDie Pflege von demenziell Erkrankten ist besonders aufw\u00e4ndig und wir wollen mit einem umfassenden Konzept die Lebensqualit\u00e4t der Betroffenen und ihrer Angeh\u00f6rigen erhalten oder wieder erreichen\u201c, erkl\u00e4rt Hartmut A. Schwab. Der Pflegedienstleiter von Mediana Mobil hat selbst erst k\u00fcrzlich eine Ausbildung zur Fachkraft f\u00fcr Gerontopsychiatrie erfolgreich abgeschlossen und gibt nun sein Wissen an die Mitarbeiter weiter. \u201eZudem schulen und informieren wir auch die Angeh\u00f6rigen, damit sie besser mit der Situation umgehen lernen.\u201c<\/p>\n<p>Mit all diesen kleinen und gro\u00dfen Bausteinen der t\u00e4glichen Arbeit macht Mediana Mobil seit 20 Jahren ein \u201eBetreutes Wohnen daheim\u201c m\u00f6glich und auch f\u00fcr die Zukunft gibt sich das Unternehmen selbst den Auftrag, immer den Menschen in den Mittelpunkt seines Tuns zu stellen.<\/p>\n<p><strong>Die Leistungen im \u00dcberblick:<\/strong><\/p>\n<ul>\n<li>H\u00e4uslich Pflege Erwachsener und Kinder bis zu 24 Std., auch mit Beatmungspflege<\/li>\n<li>Demenzpflege und- versorgung daheim<\/li>\n<li>Grundpflege und Behandlungspflege<\/li>\n<li>Wundmanagement<\/li>\n<li>Betreuung und Begleitung<\/li>\n<li>Hauswirtschaft<\/li>\n<li>Familienpflege<\/li>\n<li>Hausnotruf<\/li>\n<\/ul>\n<p><a href=\"http:\/\/www.mediana-mobil.de\">www.mediana-mobil.de<\/a><\/p>\n<p><strong>Weitere Informationen unter Telefon 0661\/ 92 80 00 oder <a href=\"mailto:info@mediana-mobil.de\">info@mediana-mobil.de<\/a><\/strong><\/p>\n","protected":false},"excerpt":{"rendered":"<div class=\"tmnf_excerpt\"><p>Fulda. Im hohen Alter in den vertrauten Vierw\u00e4nden ein selbstbestimmtes Leben f\u00fchren oder trotz schwerer Krankheit im eigenen Zuhause bleiben \u2013 seit nunmehr 20 Jahren arbeitet Mediana Mobil daran, diesen Wunsch vieler Menschen zu erm\u00f6glichen. Die Mediana\/Seniana-Unternehmensgruppe, zu dem der Dienstleiter geh\u00f6rt, blickt nicht ohne Stolz auf eine erfolgreiche Entwicklung zur\u00fcck: \u201e1994 erforderte es gro\u00dfen &hellip;<\/p>\n<\/div>","protected":false},"author":1,"featured_media":0,"comment_status":"closed","ping_status":"closed","sticky":false,"template":"","format":"standard","meta":{"footnotes":""},"categories":[1,51],"tags":[],"class_list":["post-124336","post","type-post","status-publish","format-standard","hentry","category-startseite","category-medizin"],"_links":{"self":[{"href":"https:\/\/www.fuldaernachrichten.de\/index.php?rest_route=\/wp\/v2\/posts\/124336","targetHints":{"allow":["GET"]}}],"collection":[{"href":"https:\/\/www.fuldaernachrichten.de\/index.php?rest_route=\/wp\/v2\/posts"}],"about":[{"href":"https:\/\/www.fuldaernachrichten.de\/index.php?rest_route=\/wp\/v2\/types\/post"}],"author":[{"embeddable":true,"href":"https:\/\/www.fuldaernachrichten.de\/index.php?rest_route=\/wp\/v2\/users\/1"}],"replies":[{"embeddable":true,"href":"https:\/\/www.fuldaernachrichten.de\/index.php?rest_route=%2Fwp%2Fv2%2Fcomments&post=124336"}],"version-history":[{"count":1,"href":"https:\/\/www.fuldaernachrichten.de\/index.php?rest_route=\/wp\/v2\/posts\/124336\/revisions"}],"predecessor-version":[{"id":124338,"href":"https:\/\/www.fuldaernachrichten.de\/index.php?rest_route=\/wp\/v2\/posts\/124336\/revisions\/124338"}],"wp:attachment":[{"href":"https:\/\/www.fuldaernachrichten.de\/index.php?rest_route=%2Fwp%2Fv2%2Fmedia&parent=124336"}],"wp:term":[{"taxonomy":"category","embeddable":true,"href":"https:\/\/www.fuldaernachrichten.de\/index.php?rest_route=%2Fwp%2Fv2%2Fcategories&post=124336"},{"taxonomy":"post_tag","embeddable":true,"href":"https:\/\/www.fuldaernachrichten.de\/index.php?rest_route=%2Fwp%2Fv2%2Ftags&post=124336"}],"curies":[{"name":"wp","href":"https:\/\/api.w.org\/{rel}","templated":true}]}}