{"id":124304,"date":"2014-05-21T00:09:38","date_gmt":"2014-05-21T00:09:38","guid":{"rendered":"http:\/\/www.fuldaer-nachrichten.de\/?p=124304"},"modified":"2014-05-20T15:51:22","modified_gmt":"2014-05-20T15:51:22","slug":"luftkurort-bald-wieder-im-partyfieber-ostheim-v-d-rhoen-laedt-vom-20-bis-22-juni-wieder-zum-legendaeren-stadtfest-ein","status":"publish","type":"post","link":"https:\/\/www.fuldaernachrichten.de\/?p=124304","title":{"rendered":"Luftkurort bald wieder im Partyfieber &#8211; Ostheim v.d. Rh\u00f6n l\u00e4dt vom 20. bis 22 Juni wieder zum legend\u00e4ren Stadtfest ein"},"content":{"rendered":"<p><a href=\"http:\/\/www.fuldaer-nachrichten.de\/wp-content\/uploads\/2014\/05\/OstheimStadtfest_Anstich.jpg\"><img decoding=\"async\" class=\"alignnone size-full wp-image-124305\" src=\"http:\/\/www.fuldaer-nachrichten.de\/wp-content\/uploads\/2014\/05\/OstheimStadtfest_Anstich.jpg\" alt=\"OstheimStadtfest_Anstich\" width=\"560\" height=\"&quot;400\" srcset=\"https:\/\/www.fuldaernachrichten.de\/wp-content\/uploads\/2014\/05\/OstheimStadtfest_Anstich.jpg 600w, https:\/\/www.fuldaernachrichten.de\/wp-content\/uploads\/2014\/05\/OstheimStadtfest_Anstich-265x193.jpg 265w\" sizes=\"(max-width: 600px) 100vw, 600px\" \/><\/a><\/p>\n<p>Ostheim. In wenigen Wochen ist es wieder soweit: Vom 20. bis 22. Juni feiert der Luftkurort Ostheim v.d. Rh\u00f6n bereits zum 28. Mal sein legend\u00e4res Stadtfest. Kaum ein Rh\u00f6ner l\u00e4sst sich dieses Event entgehen, die Urlaubsg\u00e4ste erst recht nicht. Und traditionell ist die Mega-Open-Air-Party auch Anlass f\u00fcr alle, die nicht mehr in der Rh\u00f6n wohnen, wieder einmal nach Hause zu kommen. Der Besuch lohnt sich auch in diesem Jahr auf jeden Fall: Die Tourist-Info hat ein Top-Programm mit vielen neuen H\u00f6hepunkten auf die Beine gestellt.<!--more--><\/p>\n<p><strong>Buntes Markttreiben <\/strong><\/p>\n<p>Bei viel Musik, guten Speisen und Getr\u00e4nken, einer kunterbunten Ausstellerschar, Fahrgesch\u00e4ften und Aktionen von Vereinen ist entlang der Marktstra\u00dfe gute Laune garantiert. Los geht\u00e2\u20ac\u2122s am Freitagabend mit dem traditionellen Festbieranstich \u2013 in diesem Jahr von der B\u00fcrgerbr\u00e4u gestaltet. B\u00f6llersch\u00fctzen und Stadtkapelle Ostheim rahmen den Abend ein. Am Samstag und Sonntag herrscht dann buntes Markttreiben mit vielen St\u00e4nden, Fahrgesch\u00e4ften, Kapellen und Schlemmereien.<\/p>\n<p><strong>Partynacht mit vier Bands <\/strong><\/p>\n<p>Einen schlagkr\u00e4ftigen Auftritt f\u00fcr die eintrittsfreie \u201eHappy Hour\u201c liefert die Trommlergruppe SchlagARTig um 18 Uhr. Die \u201cFreunde der Kirchenburg\u201c zeigen erste Szenen aus ihrem Historienspiel \u201eKroatensturm auf die Kirchenburg\u201c und stehen dem Radio PrimaTon-Moderator in Interviews Rede und Antwort. Bis 20 Uhr l\u00e4uft dann der Countdown, bis die hei\u00dfeste Partynacht des Jahres beginnt (Eintritt ab 20 Uhr 4 \u00e2\u201a\u00ac). Gleich vier Bands sorgen f\u00fcr beste Stimmung f\u00fcr alle Generationen. Vor dem Rathaus rocken die \u201ePartyv\u00f6gel\u201c, vor der Sparkasse die Band Heidgraf, im Schl\u00f6sschen begeistern DJ Black Velvet und Dj J\u00f6rg van Ho die Massen, w\u00e4hrend in der Markthalle eine TV-\u00dcbertragung der aktuellen sportlichen Gro\u00dfevents gezeigt wird. Freunde ruhigerer T\u00f6ne besuchen \u201eIsla Ferry\u201c in der nahen Bahnhofstra\u00dfe (Praxis Sch\u00fcrmann), wo eine gem\u00fctliche GuinessBar lockt.<\/p>\n<p><strong>Verkaufsoffener Sonntag, Verlosung und Flohmarkt<\/strong><\/p>\n<p>Am verkaufsoffenen Sonntag ist Flanieren und Shoppen nach Herzenslust auch in den zahlreichen Ostheimer Gesch\u00e4ften angesagt. Weiterhin l\u00e4dt ein Flohmarkt auf der Streuwiese zum St\u00f6bern ein. Die Sparkasse fordert zudem am Sonntag zum spannenden Geschwindigkeits-Wettschie\u00dfen auf und an den Versorgungsst\u00e4nden gibt es zus\u00e4tzlich eine leckere Auswahl an Mittagessen. Zu den H\u00f6hepunkten des Stadtfestes z\u00e4hlt um 16 Uhr die gro\u00dfe Verlosung des Gewerbevereins. Alle, die in den letzten Wochen ein Los erstanden haben, k\u00f6nnen mit ein wenig Gl\u00fcck Preise im Wert von 10.000 \u00e2\u201a\u00ac gewinnen. Als Hauptpreis winkt ein Goldbarren im Wert von 5.000 \u00e2\u201a\u00ac. Auch ein Auto wartet wieder auf gl\u00fcckliche Besucher: Das Versicherungsb\u00fcro Baumbach l\u00e4dt erneut zur Schatzsuche ein. Ebenso werden wieder die attraktiven Blumenampeln des Obst- und Gartenbauvereins versteigert.<\/p>\n<p><strong>Eintritt frei, Marktstra\u00dfe gesperrt <\/strong><\/p>\n<p>Der Eintritt zum Stadtfest ist tags\u00fcber an allen drei Tagen frei. Lediglich am Samstagabend wird zur Finanzierung des Livemusik-Programms ab 19.30 Uhr 4 EURO Eintritt kassiert (f\u00fcr alle \u00fcber 14 Jahre). Die Durchfahrt ist am Samstag und Sonntag nicht m\u00f6glich, kostenfreie Parkpl\u00e4tze sind reichlich vorhanden. Weitere Informationen: Tourist-Info Ostheim v.d.Rh\u00f6n, Tel. 09777\/18 50, Fax 32 45, <a href=\"http:\/\/www.ostheim-rhoen.de\">www.ostheim-rhoen.de<\/a><\/p>\n<p>&nbsp;<\/p>\n","protected":false},"excerpt":{"rendered":"<div class=\"tmnf_excerpt\"><p>Ostheim. In wenigen Wochen ist es wieder soweit: Vom 20. bis 22. Juni feiert der Luftkurort Ostheim v.d. Rh\u00f6n bereits zum 28. Mal sein legend\u00e4res Stadtfest. Kaum ein Rh\u00f6ner l\u00e4sst sich dieses Event entgehen, die Urlaubsg\u00e4ste erst recht nicht. Und traditionell ist die Mega-Open-Air-Party auch Anlass f\u00fcr alle, die nicht mehr in der Rh\u00f6n wohnen, &hellip;<\/p>\n<\/div>","protected":false},"author":1,"featured_media":0,"comment_status":"closed","ping_status":"closed","sticky":false,"template":"","format":"standard","meta":{"footnotes":""},"categories":[1,78],"tags":[],"class_list":["post-124304","post","type-post","status-publish","format-standard","hentry","category-startseite","category-topthema"],"_links":{"self":[{"href":"https:\/\/www.fuldaernachrichten.de\/index.php?rest_route=\/wp\/v2\/posts\/124304","targetHints":{"allow":["GET"]}}],"collection":[{"href":"https:\/\/www.fuldaernachrichten.de\/index.php?rest_route=\/wp\/v2\/posts"}],"about":[{"href":"https:\/\/www.fuldaernachrichten.de\/index.php?rest_route=\/wp\/v2\/types\/post"}],"author":[{"embeddable":true,"href":"https:\/\/www.fuldaernachrichten.de\/index.php?rest_route=\/wp\/v2\/users\/1"}],"replies":[{"embeddable":true,"href":"https:\/\/www.fuldaernachrichten.de\/index.php?rest_route=%2Fwp%2Fv2%2Fcomments&post=124304"}],"version-history":[{"count":1,"href":"https:\/\/www.fuldaernachrichten.de\/index.php?rest_route=\/wp\/v2\/posts\/124304\/revisions"}],"predecessor-version":[{"id":124306,"href":"https:\/\/www.fuldaernachrichten.de\/index.php?rest_route=\/wp\/v2\/posts\/124304\/revisions\/124306"}],"wp:attachment":[{"href":"https:\/\/www.fuldaernachrichten.de\/index.php?rest_route=%2Fwp%2Fv2%2Fmedia&parent=124304"}],"wp:term":[{"taxonomy":"category","embeddable":true,"href":"https:\/\/www.fuldaernachrichten.de\/index.php?rest_route=%2Fwp%2Fv2%2Fcategories&post=124304"},{"taxonomy":"post_tag","embeddable":true,"href":"https:\/\/www.fuldaernachrichten.de\/index.php?rest_route=%2Fwp%2Fv2%2Ftags&post=124304"}],"curies":[{"name":"wp","href":"https:\/\/api.w.org\/{rel}","templated":true}]}}