{"id":124131,"date":"2014-05-16T05:59:51","date_gmt":"2014-05-16T05:59:51","guid":{"rendered":"http:\/\/www.fuldaer-nachrichten.de\/?p=124131"},"modified":"2014-05-16T05:59:51","modified_gmt":"2014-05-16T05:59:51","slug":"fachtag-personenzentrierung-teilhabe-und-inklusion-fuer-menschen-mit-beeintraechtigung","status":"publish","type":"post","link":"https:\/\/www.fuldaernachrichten.de\/?p=124131","title":{"rendered":"Fachtag Personenzentrierung: Teilhabe und Inklusion f\u00fcr Menschen mit Beeintr\u00e4chtigung"},"content":{"rendered":"<p>Fulda. Das an der Hochschule Fulda angesiedelte \u201eInstitut Personenzentrierte Hilfen\u201c veranstaltet am 13. Juni von 10 bis 16 Uhr einen Fachtag zum Thema: \u201eDie Zukunft: Personenzentrierung\u201c. In Zukunft sind personenzentrierte Hilfen und Leistungen zur Umsetzung des Inklusionsgedankens und der St\u00e4rkung der Selbstbestimmung von Menschen mit Behinderung nicht mehr wegzudenken. <!--more--><\/p>\n<p>Das System von begleitenden, betreuenden, f\u00f6rdernden und pflegerischen Hilfen muss so gestaltet werden, dass einem Menschen mit Beeintr\u00e4chtigungen in jeder Situation und zu jedem Zeitpunkt eine auf seine individuellen Bedarfe und F\u00e4higkeiten wie seine Lebenswelt ausgerichtete integrierte Hilfe gew\u00e4hrt wird. Personenzentrierung versucht, kompetente professionelle Begleitung soweit wie m\u00f6glich in der unmittelbaren Lebenswelt zu leisten und die organisatorischen und strukturellen Bedingungen hierf\u00fcr zu etablieren.<\/p>\n<p>Dieser Fachtag m\u00f6chte Interessierte \u00fcber den aktuellen Stand der Entwicklung und Forschung des \u201cInstitut Personenzentrierte Hilfen\u00e2\u20ac\u009d informieren und auch einbeziehen. Dar\u00fcber hinaus wollen die Veranstalter auch einen Blick auf die zuk\u00fcnftigen Entwicklungschancen und M\u00f6glichkeiten der Verfahren und Anwendungen personenzentrierter Hilfen werfen. Anmeldeschluss ist der 2. Juni. Kontakt: Institut Personenzentrierte Hilfen GmbH, Tel.: 0661-9640 7402, mail: sekretariat@personenzentrierte-hilfen.de<\/p>\n","protected":false},"excerpt":{"rendered":"<div class=\"tmnf_excerpt\"><p>Fulda. Das an der Hochschule Fulda angesiedelte \u201eInstitut Personenzentrierte Hilfen\u201c veranstaltet am 13. Juni von 10 bis 16 Uhr einen Fachtag zum Thema: \u201eDie Zukunft: Personenzentrierung\u201c. In Zukunft sind personenzentrierte Hilfen und Leistungen zur Umsetzung des Inklusionsgedankens und der St\u00e4rkung der Selbstbestimmung von Menschen mit Behinderung nicht mehr wegzudenken.<\/p>\n<\/div>","protected":false},"author":1,"featured_media":0,"comment_status":"closed","ping_status":"closed","sticky":false,"template":"","format":"standard","meta":{"footnotes":""},"categories":[1,48],"tags":[],"class_list":["post-124131","post","type-post","status-publish","format-standard","hentry","category-startseite","category-forschung"],"_links":{"self":[{"href":"https:\/\/www.fuldaernachrichten.de\/index.php?rest_route=\/wp\/v2\/posts\/124131","targetHints":{"allow":["GET"]}}],"collection":[{"href":"https:\/\/www.fuldaernachrichten.de\/index.php?rest_route=\/wp\/v2\/posts"}],"about":[{"href":"https:\/\/www.fuldaernachrichten.de\/index.php?rest_route=\/wp\/v2\/types\/post"}],"author":[{"embeddable":true,"href":"https:\/\/www.fuldaernachrichten.de\/index.php?rest_route=\/wp\/v2\/users\/1"}],"replies":[{"embeddable":true,"href":"https:\/\/www.fuldaernachrichten.de\/index.php?rest_route=%2Fwp%2Fv2%2Fcomments&post=124131"}],"version-history":[{"count":1,"href":"https:\/\/www.fuldaernachrichten.de\/index.php?rest_route=\/wp\/v2\/posts\/124131\/revisions"}],"predecessor-version":[{"id":124132,"href":"https:\/\/www.fuldaernachrichten.de\/index.php?rest_route=\/wp\/v2\/posts\/124131\/revisions\/124132"}],"wp:attachment":[{"href":"https:\/\/www.fuldaernachrichten.de\/index.php?rest_route=%2Fwp%2Fv2%2Fmedia&parent=124131"}],"wp:term":[{"taxonomy":"category","embeddable":true,"href":"https:\/\/www.fuldaernachrichten.de\/index.php?rest_route=%2Fwp%2Fv2%2Fcategories&post=124131"},{"taxonomy":"post_tag","embeddable":true,"href":"https:\/\/www.fuldaernachrichten.de\/index.php?rest_route=%2Fwp%2Fv2%2Ftags&post=124131"}],"curies":[{"name":"wp","href":"https:\/\/api.w.org\/{rel}","templated":true}]}}