{"id":124107,"date":"2014-05-15T00:09:48","date_gmt":"2014-05-15T00:09:48","guid":{"rendered":"http:\/\/www.fuldaer-nachrichten.de\/?p=124107"},"modified":"2014-05-15T10:59:20","modified_gmt":"2014-05-15T10:59:20","slug":"in-einer-woche-780-malteser-kraeppel-fuer-den-guten-zweck-verkauft","status":"publish","type":"post","link":"https:\/\/www.fuldaernachrichten.de\/?p=124107","title":{"rendered":"In einer Woche 780 Malteser-Kr\u00e4ppel f\u00fcr den guten Zweck verkauft"},"content":{"rendered":"<div id=\"attachment_124108\" style=\"width: 570px\" class=\"wp-caption alignnone\"><a href=\"http:\/\/www.fuldaer-nachrichten.de\/wp-content\/uploads\/2014\/05\/2014-05_Spendenu\u00cc\u02c6bergabe-Malteser-Kra\u00cc\u02c6ppelaktion-mit-Michael-Happ_Elke-Staubach_Inga-Reith_Inge-Kesenheimer.jpg\"><img fetchpriority=\"high\" decoding=\"async\" aria-describedby=\"caption-attachment-124108\" class=\"size-full wp-image-124108\" src=\"http:\/\/www.fuldaer-nachrichten.de\/wp-content\/uploads\/2014\/05\/2014-05_Spendenu\u00cc\u02c6bergabe-Malteser-Kra\u00cc\u02c6ppelaktion-mit-Michael-Happ_Elke-Staubach_Inga-Reith_Inge-Kesenheimer.jpg\" alt=\"Foto: Die ehrenamtliche Demenzbegleiterin Inge Kesenheimer, Gesch\u00e4ftsf\u00fchrer Michael Happ, die Leiterin der Malteser Demenzdienste Inga Reith und die Verkaufsleiterin der B\u00e4ckerei Happ, Elke Staubach, freuen sich, dass bei der Kr\u00e4ppel-Aktion so viel Geld f\u00fcr den Malteser Demenzdienst zusammen gekommen ist. (Foto: Malteser Hilfsdienst)\" width=\"560\" height=\"360\" \/><\/a><p id=\"caption-attachment-124108\" class=\"wp-caption-text\">Foto: Die ehrenamtliche Demenzbegleiterin Inge Kesenheimer, Gesch\u00e4ftsf\u00fchrer Michael Happ, die Leiterin der Malteser Demenzdienste Inga Reith und die Verkaufsleiterin der B\u00e4ckerei Happ, Elke Staubach, freuen sich, dass bei der Kr\u00e4ppel-Aktion so viel Geld f\u00fcr den Malteser Demenzdienst zusammen gekommen ist. (Foto: Malteser Hilfsdienst)<\/p><\/div>\n<p><strong>Fulda<\/strong>. Eine Aktionswoche, wie man sie sich nicht besser h\u00e4tte w\u00fcnschen k\u00f6nnen: 780 Malteser-Kr\u00e4ppel haben die Fuldaer im Aktions-Zeitraum bei der B\u00e4ckerei Happ gekauft und damit f\u00fcr einen Erl\u00f6s in H\u00f6he von 880 Euro zugunsten des Malteser Demenzdienstes gesorgt. Michael Happ, Gesch\u00e4ftsf\u00fchrer der B\u00e4ckerei Happ, legte noch 120 Euro drauf. So kommen dem Malteser Demenzdienst insgesamt 1000\u00e2\u201a\u00ac zu Gute. \u201eWir sind ganz begeistert \u00fcber so viel Interesse und Unterst\u00fctzung\u201c, freute sich Inga Reith, Leiterin des Malteser Demenzdienstes und Initiatorin der Aktion.<!--more--><\/p>\n<p>Auch Michael Happ freut sich \u00fcber das positive Fazit: \u201eEs ist wichtig, dass das Thema Demenz Beachtung erh\u00e4lt. Viele Menschen sind betroffen \u2013 solch eine Aktion hilft, f\u00fcr Aufkl\u00e4rung zu sorgen und Hilfsangebote wie das der Malteser bekannter zu machen\u201c. Die Verkaufsleiterin der B\u00e4ckerei Happ, Elke Staubach, unterstrich diesen Gedanken: \u201eWir sind w\u00e4hrend der Aktion mit vielen Kunden zum Thema Demenz ins Gespr\u00e4ch gekommen und freuen uns, die Malteser so unterst\u00fctzt zu haben.\u201c Die Malteser Kr\u00e4ppel wurden in den Filialen der Traditionsb\u00e4ckerei im Klinikum Fulda, im Zentrum Vital sowie in der Robert-Kircher-Stra\u00dfe\/Kanalstra\u00dfe verkauft. Der Malteser Demenzdienst wird das Geld f\u00fcr die Aus- und Fortbildung seiner ehrenamtlichen Mitarbeiter einsetzen und zus\u00e4tzliches Material, wie Spiele zum Ged\u00e4chtnistraining, Liederb\u00fccher und CDs, f\u00fcr die Betreuung der Erkrankten anschaffen.<\/p>\n<p>Zur Unterst\u00fctzung der Angeh\u00f6rigen bieten die Malteser einen Entlastungsdienst an, bei dem die Erkrankten in ihrer h\u00e4uslichen Umgebung betreut werden. Zum anderen \u00f6ffnet viermal pro Woche das Caf\u00e9 Malta seine T\u00fcren, bei dem Betroffene zu bunten Nachmittagen zusammen kommen und entsprechend ihrer noch vorhandenen F\u00e4higkeiten gef\u00f6rdert werden.<\/p>\n<p>Informationen f\u00fcr Angeh\u00f6rige von Demenzkranken und f\u00fcr B\u00fcrger, die sich ehrenamtlich engagieren m\u00f6chten, gibt es bei Inga Reith. Sie ist erreichbar unter der Telefonnummer 0661-95310-0.<\/p>\n<p>&nbsp;<\/p>\n","protected":false},"excerpt":{"rendered":"<div class=\"tmnf_excerpt\"><p>Fulda. Eine Aktionswoche, wie man sie sich nicht besser h\u00e4tte w\u00fcnschen k\u00f6nnen: 780 Malteser-Kr\u00e4ppel haben die Fuldaer im Aktions-Zeitraum bei der B\u00e4ckerei Happ gekauft und damit f\u00fcr einen Erl\u00f6s in H\u00f6he von 880 Euro zugunsten des Malteser Demenzdienstes gesorgt. Michael Happ, Gesch\u00e4ftsf\u00fchrer der B\u00e4ckerei Happ, legte noch 120 Euro drauf. So kommen dem Malteser Demenzdienst &hellip;<\/p>\n<\/div>","protected":false},"author":1,"featured_media":0,"comment_status":"closed","ping_status":"closed","sticky":false,"template":"","format":"standard","meta":{"footnotes":""},"categories":[1,50,78],"tags":[],"class_list":["post-124107","post","type-post","status-publish","format-standard","hentry","category-startseite","category-kirche","category-topthema"],"_links":{"self":[{"href":"https:\/\/www.fuldaernachrichten.de\/index.php?rest_route=\/wp\/v2\/posts\/124107","targetHints":{"allow":["GET"]}}],"collection":[{"href":"https:\/\/www.fuldaernachrichten.de\/index.php?rest_route=\/wp\/v2\/posts"}],"about":[{"href":"https:\/\/www.fuldaernachrichten.de\/index.php?rest_route=\/wp\/v2\/types\/post"}],"author":[{"embeddable":true,"href":"https:\/\/www.fuldaernachrichten.de\/index.php?rest_route=\/wp\/v2\/users\/1"}],"replies":[{"embeddable":true,"href":"https:\/\/www.fuldaernachrichten.de\/index.php?rest_route=%2Fwp%2Fv2%2Fcomments&post=124107"}],"version-history":[{"count":1,"href":"https:\/\/www.fuldaernachrichten.de\/index.php?rest_route=\/wp\/v2\/posts\/124107\/revisions"}],"predecessor-version":[{"id":124109,"href":"https:\/\/www.fuldaernachrichten.de\/index.php?rest_route=\/wp\/v2\/posts\/124107\/revisions\/124109"}],"wp:attachment":[{"href":"https:\/\/www.fuldaernachrichten.de\/index.php?rest_route=%2Fwp%2Fv2%2Fmedia&parent=124107"}],"wp:term":[{"taxonomy":"category","embeddable":true,"href":"https:\/\/www.fuldaernachrichten.de\/index.php?rest_route=%2Fwp%2Fv2%2Fcategories&post=124107"},{"taxonomy":"post_tag","embeddable":true,"href":"https:\/\/www.fuldaernachrichten.de\/index.php?rest_route=%2Fwp%2Fv2%2Ftags&post=124107"}],"curies":[{"name":"wp","href":"https:\/\/api.w.org\/{rel}","templated":true}]}}