{"id":124098,"date":"2014-05-15T10:53:16","date_gmt":"2014-05-15T10:53:16","guid":{"rendered":"http:\/\/www.fuldaer-nachrichten.de\/?p=124098"},"modified":"2014-05-15T10:53:16","modified_gmt":"2014-05-15T10:53:16","slug":"wendelinusschule-steinau-und-malteser-steinhaus-ueben-katastrophenfall","status":"publish","type":"post","link":"https:\/\/www.fuldaernachrichten.de\/?p=124098","title":{"rendered":"Wendelinusschule Steinau und Malteser Steinhaus \u00fcben Katastrophenfall"},"content":{"rendered":"<p><a href=\"http:\/\/www.fuldaer-nachrichten.de\/wp-content\/uploads\/2014\/05\/Zeltaufbau-1.jpg\"><img decoding=\"async\" class=\"alignleft size-thumbnail wp-image-124099\" src=\"http:\/\/www.fuldaer-nachrichten.de\/wp-content\/uploads\/2014\/05\/Zeltaufbau-1-265x170.jpg\" alt=\"Zeltaufbau 1\" width=\"265\" height=\"170\" srcset=\"https:\/\/www.fuldaernachrichten.de\/wp-content\/uploads\/2014\/05\/Zeltaufbau-1-265x170.jpg 265w, https:\/\/www.fuldaernachrichten.de\/wp-content\/uploads\/2014\/05\/Zeltaufbau-1.jpg 600w\" sizes=\"(max-width: 265px) 100vw, 265px\" \/><\/a>Steinhaus. Am vergangenen Freitag \u00fcbten die Drittkl\u00e4ssler der Wendelinusschule Steinau gemeinsam mit den Steinh\u00e4user Maltesern den Aufbau und Betrieb eines Betreuungsplatzes mit einer mobilen K\u00fcche. In der gemeinsamen \u00dcbung hatte ein Erdbeben die H\u00e4user einer Ortschaft stark besch\u00e4digt. Was den Menschen dort nun fehlt, war den Sch\u00fclern schnell klar: Ein Dach \u00fcber dem Kopf, ein Bett zum Schlafen, was zum Spielen und nat\u00fcrlich was zum Essen. Also ein Ort, wo sie bleiben k\u00f6nnen, bis ihre H\u00e4user wieder repariert sind. F\u00fcr einen solchen oder \u00e4hnlichen Fall gibt es im Landkreis Fulda zwei Betreuungsz\u00fcge, die sich um Unverletzte aber von einer Katastrophe Betroffene k\u00fcmmern. Der Erste Betreuungszug wird komplett durch die Malteser Ortsgliederung Steinhaus gestellt.<!--more--><\/p>\n<p>F\u00fcr was genau ein solcher Betreuungszug da ist, konnten die beiden dritten Klassen der Wendelinusschule Steinau bei der gemeinsamen \u00dcbung entdecken. Sie durften als Helfer im Betreuungszug beim Aufbau des Betreuungsplatzes mit anpacken. Die Sch\u00fcler wurden in vier Gruppen aufgeteilt und konnten so miterleben, was in den Bereichen Unterkunft und Betreuung, Sanit\u00e4tsdienst, Verpflegungsdienst und im Bereich Technik bei einem Einsatz zu erledigen ist.<\/p>\n<p>Zuerst musste das ben\u00f6tige Material von den Fahrzeugen entladen werden. Schnell hatten die kleinen Helfer entdeckt, wo sie was finden und so wurde gemeinsam mit den Einsatzkr\u00e4ften in der Gruppe Unterkunft und Betreuung ein gro\u00dfes Zelt als Notunterkunft mit Tischen, B\u00e4nken und Feldbetten aufgebaut und die eigenen Klassenkameraden w\u00e4hrend der Fr\u00fchst\u00fcckspause betreut. Die Gruppe Verpflegungsdienst baute ebenfalls ein Zelt auf, damit die mobile K\u00fcche, ein Feldkochanh\u00e4nger, auch gesch\u00fctzt und wetterunabh\u00e4ngig zum Einsatz kommen kann. Die Technikgruppe versorgte die K\u00fcche und das Betreuungszelt mit Strom und sorgte mit einer Zeltheizung f\u00fcr die richtige Temperatur. In der Sanit\u00e4tsgruppe durften die Sch\u00fcler Verb\u00e4nde ausprobieren und lernten, wie sie bei kleinen Verletzungen helfen k\u00f6nnen. Die Drittkl\u00e4ssler wechselten durch alle Bereiche des Betreuungszuges um alles kennenzulernen.<\/p>\n<p>Nachdem der Betreuungsplatz erfolgreich aufgebaut und somit das \u00dcbungsziel, eine behelfsm\u00e4\u00dfige Unterkunft f\u00fcr die zu evakuierenden Personen zu errichten, erreicht war, ging es wieder an den Abbau. Im Anschluss an die \u00dcbung a\u00dfen die kleinen und gro\u00dfen Helfer gemeinsam zu Mittag, ehe es f\u00fcr die Wendelinussch\u00fcler wieder zur\u00fcck ging.<\/p>\n<p>Der Ortsbeauftragte der Malteser Steinhaus Sebastian Leitsch war mit der gemeinsamen \u00dcbung zufrieden. \u201eWir wollten den Sch\u00fclern zeigen, welche Aufgaben wir Malteser hier in Steinhaus haben und daf\u00fcr war eine gemeinsame \u00dcbung genau das richtige.\u201c Neben der Katastrophenschutzabteilung gibt es in Steinhaus auch eine Sanit\u00e4tsgruppe und eine Malteser Jugendgruppe. Die gemeinsame \u00dcbung mit der Wendelinusschule Steinau fand dieses Jahr zum zweiten Mal statt.<\/p>\n<p>&nbsp;<\/p>\n<p>&nbsp;<\/p>\n","protected":false},"excerpt":{"rendered":"<div class=\"tmnf_excerpt\"><p>Steinhaus. Am vergangenen Freitag \u00fcbten die Drittkl\u00e4ssler der Wendelinusschule Steinau gemeinsam mit den Steinh\u00e4user Maltesern den Aufbau und Betrieb eines Betreuungsplatzes mit einer mobilen K\u00fcche. In der gemeinsamen \u00dcbung hatte ein Erdbeben die H\u00e4user einer Ortschaft stark besch\u00e4digt. Was den Menschen dort nun fehlt, war den Sch\u00fclern schnell klar: Ein Dach \u00fcber dem Kopf, ein &hellip;<\/p>\n<\/div>","protected":false},"author":1,"featured_media":0,"comment_status":"closed","ping_status":"closed","sticky":false,"template":"","format":"standard","meta":{"footnotes":""},"categories":[1,71],"tags":[],"class_list":["post-124098","post","type-post","status-publish","format-standard","hentry","category-startseite","category-feuerwehr"],"_links":{"self":[{"href":"https:\/\/www.fuldaernachrichten.de\/index.php?rest_route=\/wp\/v2\/posts\/124098","targetHints":{"allow":["GET"]}}],"collection":[{"href":"https:\/\/www.fuldaernachrichten.de\/index.php?rest_route=\/wp\/v2\/posts"}],"about":[{"href":"https:\/\/www.fuldaernachrichten.de\/index.php?rest_route=\/wp\/v2\/types\/post"}],"author":[{"embeddable":true,"href":"https:\/\/www.fuldaernachrichten.de\/index.php?rest_route=\/wp\/v2\/users\/1"}],"replies":[{"embeddable":true,"href":"https:\/\/www.fuldaernachrichten.de\/index.php?rest_route=%2Fwp%2Fv2%2Fcomments&post=124098"}],"version-history":[{"count":1,"href":"https:\/\/www.fuldaernachrichten.de\/index.php?rest_route=\/wp\/v2\/posts\/124098\/revisions"}],"predecessor-version":[{"id":124100,"href":"https:\/\/www.fuldaernachrichten.de\/index.php?rest_route=\/wp\/v2\/posts\/124098\/revisions\/124100"}],"wp:attachment":[{"href":"https:\/\/www.fuldaernachrichten.de\/index.php?rest_route=%2Fwp%2Fv2%2Fmedia&parent=124098"}],"wp:term":[{"taxonomy":"category","embeddable":true,"href":"https:\/\/www.fuldaernachrichten.de\/index.php?rest_route=%2Fwp%2Fv2%2Fcategories&post=124098"},{"taxonomy":"post_tag","embeddable":true,"href":"https:\/\/www.fuldaernachrichten.de\/index.php?rest_route=%2Fwp%2Fv2%2Ftags&post=124098"}],"curies":[{"name":"wp","href":"https:\/\/api.w.org\/{rel}","templated":true}]}}