{"id":124027,"date":"2014-05-14T00:09:07","date_gmt":"2014-05-14T00:09:07","guid":{"rendered":"http:\/\/www.fuldaer-nachrichten.de\/?p=124027"},"modified":"2014-05-13T17:23:50","modified_gmt":"2014-05-13T17:23:50","slug":"ein-grosser-gewinn-fuer-die-region-tag-der-offenen-tuer-am-23-mai-im-kompetenzzentrum-fuer-sprache-und-erziehung","status":"publish","type":"post","link":"https:\/\/www.fuldaernachrichten.de\/?p=124027","title":{"rendered":"Ein gro\u00dfer Gewinn f\u00fcr die Region &#8211; Tag der offenen T\u00fcr am 23. Mai im Kompetenzzentrum f\u00fcr Sprache und Erziehung"},"content":{"rendered":"<p><a href=\"http:\/\/www.fuldaer-nachrichten.de\/wp-content\/uploads\/2014\/05\/216-Kompetenzzentrum-1-Tag-der-Offenen-T\u00fcr.jpg\"><img fetchpriority=\"high\" decoding=\"async\" class=\"alignnone size-full wp-image-124028\" src=\"http:\/\/www.fuldaer-nachrichten.de\/wp-content\/uploads\/2014\/05\/216-Kompetenzzentrum-1-Tag-der-Offenen-T\u00fcr.jpg\" alt=\"216-Kompetenzzentrum 1 (Tag der Offenen T\u00fcr)\" width=\"560\" height=\"359\" \/><\/a><\/p>\n<p>Petersberg. Seit Dezember 2011 gibt es in Petersberg das Kompetenzzentrum f\u00fcr Sprache und Erziehung. Knapp zweieinhalb Jahre nach Er\u00f6ffnung des Kompetenzzentrums ziehen die Beteiligten Bilanz und laden die \u00d6ffentlichkeit am Freitag, 23. Mai, zu einem Tag der offenen T\u00fcr ein.<\/p>\n<p>Foto: Max Colin Heydenreich<!--more--><\/p>\n<p>Das Kompetenzzentrum, das sich am Standort der alten Rauschenbergschule befindet und in seiner Form einmalig in ganz Hessen ist, vereint verschiedene Institutionen, Abteilungen und Professionen unter einem Dach. Da w\u00e4re zum einen die Abteilung mit dem F\u00f6rderschwerpunkt emotionale und soziale Entwicklung, bei der die Jugend\u00e4mter von Stadt und Landkreis Fulda sowie das Staatliche Schulamt miteinander kooperieren und zum anderen die Johannes-Hack-Schule, an die das Kompetenzzentrum organisatorisch angegliedert ist. Zu dieser geh\u00f6ren das Netzwerk f\u00fcr Erziehungshilfe, eine Auszeit- und drei Durchgangsklassen. Daneben gibt es die Abteilung mit dem F\u00f6rderschwerpunkt Sprache und vier Klassen. Zudem befindet sich im Kompetenzzentrum ein regionales Beratungs- und F\u00f6rderzentrum. Das 45-k\u00f6pfige Team des Kompetenzzentrums besteht aus F\u00f6rderschullehrkr\u00e4ften und sozialp\u00e4dagogischen Fachkr\u00e4ften, die Hand in Hand zum Wohle der Kinder und Jugendlichen zusammen arbeiten<\/p>\n<p>Dass die Zusammenf\u00fchrung der verschiedenen Systeme f\u00fcr alle Beteiligten ein Novum und keine leichte Aufgabe war, l\u00e4sst sich erahnen. \u201eIn der Tat wurde hier sehr viel geleistet, denn es musste alles gemeinsam neu erarbeitet und von innen heraus weiter entwickelt werden\u201c, betont Gabriele Schmitt-Lauer, Rektorin der Johannes-Hack Schule. Michael Elflein, der bis Januar 2014 als F\u00f6rderschullehrer und schulischer Netzwerkkoordinator im Kompetenzzentrum t\u00e4tig war, erg\u00e4nzt: \u201eDer Anfang war kn\u00fcppelhart. Wir hatten keine Erfahrungswerte und haben in vielerlei Hinsicht bei null angefangen.\u201c Alle Beteiligten sind sich einig, dass der Aufbau des Kompetenzzentrums zwar eine enorme Herausforderung war, aber die Einrichtung ein gro\u00dfer Gewinn f\u00fcr die Region ist.<\/p>\n<p><strong>In der Region etabliert<\/strong><\/p>\n<p>G\u00e4be es das Kompetenzzentrum nicht, m\u00fcssten die Kinder und Jugendlichen mit Auff\u00e4lligkeiten in der emotionalen und sozialen Entwicklung wohl immer noch die F\u00f6rderschule im nordhessischen Wabern besuchen. Die Kinder mit sprachlichen Schwierigkeiten h\u00e4tten keine andere Option, als nach Gie\u00dfen oder Sterbfritz zu fahren, wo es entsprechende Sprachheilschulen gibt.<\/p>\n<p>Inzwischen hat sich das Kompetenzzentrum in der Region etabliert. Es gibt ein ausgefeiltes Konzept, ein Leitbild, einen Elternleitfaden, Formbl\u00e4tter, eine gemeinsame Schulordnung, die von den beiden Abteilungen entwickelt wurde, und vieles mehr. \u201eWir haben gemeinsam unglaublich viel geschafft, Strukturen geschaffen, ein Team aufgebaut und alles verschriftlicht\u201c, erkl\u00e4ren Susanne M\u00f6ller, Koordinatorin der Jugendhilfe beim Landkreis, und Petra Baier, Jugendhilfekoordinatorin bei der Stadt Fulda.<\/p>\n<p>Im Moment ist das Kompetenzzentrum Lern- und Lebensort f\u00fcr mehr als 60 Sch\u00fclerinnen und Sch\u00fcler. Weit mehr als 250 Kinder und Jugendliche werden derzeit ambulant vom Netzwerk f\u00fcr Erziehungshilfe betreut, das insgesamt 23 Mitarbeiter z\u00e4hlt. \u201eGrunds\u00e4tzlich profitieren im Kompetenzzentrum alle Beteiligten von der r\u00e4umlichen N\u00e4he und der Zusammenarbeit der verschiedenen Professionen\u201c, meint Abteilungsleiter Claus Schumacher, der sich sicher ist, dass sich das System immer wieder ver\u00e4ndern und weiter entwickeln wird. Doch die interne Basisarbeit ist erst einmal getan. Ab sofort steht f\u00fcr das Team die Au\u00dfenvernetzung auf der Agenda.<\/p>\n<p><strong>Buntes Programm<\/strong><\/p>\n<p>Der Startschuss daf\u00fcr f\u00e4llt mit einem Tag der offenen T\u00fcr. Am Freitag, 23. Mai, k\u00f6nnen sich Interessierte in Petersberg, An der R\u00f6the 15, zwischen 14 und 18 Uhr ein Bild von der Arbeit des Kompetenzteams machen. Auf dem Programm stehen F\u00fchrungen durch das Geb\u00e4ude und Beratungsangebote der verschiedenen Abteilungen. Au\u00dferdem werden Bastelaktionen, Auff\u00fchrungen, Sprachf\u00f6rderspiele, ein Kickerturnier, Torwand-schie\u00dfen, eine Filmvorf\u00fchrung, Kinderschminken und eine Kunstausstellung angeboten. Auch f\u00fcr das leibliche Wohl wird gesorgt sein. Die \u00d6ffentlichkeit ist herzlich eingeladen. (Dorit Heydenreich)<\/p>\n","protected":false},"excerpt":{"rendered":"<div class=\"tmnf_excerpt\"><p>Petersberg. Seit Dezember 2011 gibt es in Petersberg das Kompetenzzentrum f\u00fcr Sprache und Erziehung. Knapp zweieinhalb Jahre nach Er\u00f6ffnung des Kompetenzzentrums ziehen die Beteiligten Bilanz und laden die \u00d6ffentlichkeit am Freitag, 23. Mai, zu einem Tag der offenen T\u00fcr ein. Foto: Max Colin Heydenreich<\/p>\n<\/div>","protected":false},"author":1,"featured_media":0,"comment_status":"closed","ping_status":"closed","sticky":false,"template":"","format":"standard","meta":{"footnotes":""},"categories":[1,53,78],"tags":[],"class_list":["post-124027","post","type-post","status-publish","format-standard","hentry","category-startseite","category-bildung","category-topthema"],"_links":{"self":[{"href":"https:\/\/www.fuldaernachrichten.de\/index.php?rest_route=\/wp\/v2\/posts\/124027","targetHints":{"allow":["GET"]}}],"collection":[{"href":"https:\/\/www.fuldaernachrichten.de\/index.php?rest_route=\/wp\/v2\/posts"}],"about":[{"href":"https:\/\/www.fuldaernachrichten.de\/index.php?rest_route=\/wp\/v2\/types\/post"}],"author":[{"embeddable":true,"href":"https:\/\/www.fuldaernachrichten.de\/index.php?rest_route=\/wp\/v2\/users\/1"}],"replies":[{"embeddable":true,"href":"https:\/\/www.fuldaernachrichten.de\/index.php?rest_route=%2Fwp%2Fv2%2Fcomments&post=124027"}],"version-history":[{"count":1,"href":"https:\/\/www.fuldaernachrichten.de\/index.php?rest_route=\/wp\/v2\/posts\/124027\/revisions"}],"predecessor-version":[{"id":124029,"href":"https:\/\/www.fuldaernachrichten.de\/index.php?rest_route=\/wp\/v2\/posts\/124027\/revisions\/124029"}],"wp:attachment":[{"href":"https:\/\/www.fuldaernachrichten.de\/index.php?rest_route=%2Fwp%2Fv2%2Fmedia&parent=124027"}],"wp:term":[{"taxonomy":"category","embeddable":true,"href":"https:\/\/www.fuldaernachrichten.de\/index.php?rest_route=%2Fwp%2Fv2%2Fcategories&post=124027"},{"taxonomy":"post_tag","embeddable":true,"href":"https:\/\/www.fuldaernachrichten.de\/index.php?rest_route=%2Fwp%2Fv2%2Ftags&post=124027"}],"curies":[{"name":"wp","href":"https:\/\/api.w.org\/{rel}","templated":true}]}}