{"id":123990,"date":"2014-05-13T00:09:53","date_gmt":"2014-05-13T00:09:53","guid":{"rendered":"http:\/\/www.fuldaer-nachrichten.de\/?p=123990"},"modified":"2014-05-13T08:12:18","modified_gmt":"2014-05-13T08:12:18","slug":"geistige-gesundheit-ist-die-grundlage-fuer-ein-glueckliches-leben","status":"publish","type":"post","link":"https:\/\/www.fuldaernachrichten.de\/?p=123990","title":{"rendered":"Geistige Gesundheit ist die Grundlage f\u00fcr ein gl\u00fcckliches Leben  &#8211; Gersfelder Gesundheitstage mit Neuem und Bew\u00e4hrtem"},"content":{"rendered":"<p><a href=\"http:\/\/www.fuldaer-nachrichten.de\/wp-content\/uploads\/2014\/05\/GesTage_F\u00f6rstina_Presse.jpg\"><img fetchpriority=\"high\" decoding=\"async\" class=\"alignnone size-full wp-image-123995\" src=\"http:\/\/www.fuldaer-nachrichten.de\/wp-content\/uploads\/2014\/05\/GesTage_F\u00f6rstina_Presse.jpg\" alt=\"GesTage_F\u00f6rstina_Presse\" width=\"560\" height=\"318\" \/><\/a><\/p>\n<p>Gersfeld. Lange gesund, gl\u00fccklich und leistungsstark das Leben genie\u00dfen. Davon tr\u00e4umt wohl jeder. Und fast jeder hat es in der Hand, dieses Ziel zu erreichen, sagen die Naturmediziner Dr. med. J\u00fcrgen Freiherr von Rosen, Inhaber der Schlosspark-Klinik im hessischen Gersfeld, sowie Dr. med. Martin Freiherr von Rosen, Inhaber der gleichnamigen Praxis. In der elften Auflage der von ihnen initiierten Gersfelder Gesundheitstage pr\u00e4sentierten die \u00c4rzte gemeinsam mit einer hochkar\u00e4tigen Referentenriege und einer sorgf\u00e4ltig zusammengestellten Ausstellerschar am zweiten Maiwochenende das breite Spektrum der Naturheilkunde. Im Mittelpunkt dabei die sanfte und nebenwirkungsfreie Diagnostik und Therapie sowie die Philosophie, durch k\u00f6rperliche, geistige und seelische Ausgeglichenheit effektive Gesundheitsvorsorge zu betreiben. Das umfangreiche Angebot in Stadthalle und Messezelt im Schlosspark nutzten erneut Tausende von Besucher aus ganz Deutschland.<!--more--><\/p>\n<p><strong>Bekannte Referenten f\u00fcllen Vortragssaal<\/strong><\/p>\n<p><a href=\"http:\/\/www.fuldaer-nachrichten.de\/wp-content\/uploads\/2014\/05\/GesTage_2014_DrvonRosen_Pater_Presse.jpg\"><img decoding=\"async\" class=\"alignleft size-thumbnail wp-image-123997\" src=\"http:\/\/www.fuldaer-nachrichten.de\/wp-content\/uploads\/2014\/05\/GesTage_2014_DrvonRosen_Pater_Presse-265x197.jpg\" alt=\"GesTage_2014_DrvonRosen_Pater_Presse\" width=\"265\" height=\"197\" srcset=\"https:\/\/www.fuldaernachrichten.de\/wp-content\/uploads\/2014\/05\/GesTage_2014_DrvonRosen_Pater_Presse-265x197.jpg 265w, https:\/\/www.fuldaernachrichten.de\/wp-content\/uploads\/2014\/05\/GesTage_2014_DrvonRosen_Pater_Presse.jpg 600w\" sizes=\"(max-width: 265px) 100vw, 265px\" \/><\/a>Noch mehr Akzeptanz als in fr\u00fcheren Jahren erfuhren die Referenten im Hauptsaal der Stadthalle. Der Einladung von Dr. med. J\u00fcrgen Freiherr von Rosen und Dr. med. Martin Freiherr von Rosen folgten bekannte Ern\u00e4hrungsexperten wie Prof. Dr. rer.nat. Michaela D\u00f6ll (\u201eEntz\u00fcndungen \u2013 die heimlichen Killer\u201c) und Dr. med. Ludwig Manfred Jakob (\u201eDer Weg des genussvollen Verzichts\u201c). Fasziniert verfolgten auch Hunderte von Zuh\u00f6rern, wie man die Genesung mit Klangmethoden von Peter Hess begleiten kann. In den Klangpausen und am Stand des bekannten Klangexperten konnten Besucher der Gersfelder Gesundheitstage dann den Einsatz von Schale und Kl\u00f6ppel am eigenen Leib erfahren.<\/p>\n<p><a href=\"http:\/\/www.fuldaer-nachrichten.de\/wp-content\/uploads\/2014\/05\/GesTage_GetanzteLebensfreude_Presse.jpg\"><img decoding=\"async\" class=\"alignleft size-thumbnail wp-image-123996\" src=\"http:\/\/www.fuldaer-nachrichten.de\/wp-content\/uploads\/2014\/05\/GesTage_GetanzteLebensfreude_Presse-265x170.jpg\" alt=\"GesTage_GetanzteLebensfreude_Presse\" width=\"265\" height=\"170\" srcset=\"https:\/\/www.fuldaernachrichten.de\/wp-content\/uploads\/2014\/05\/GesTage_GetanzteLebensfreude_Presse-265x170.jpg 265w, https:\/\/www.fuldaernachrichten.de\/wp-content\/uploads\/2014\/05\/GesTage_GetanzteLebensfreude_Presse.jpg 600w\" sizes=\"(max-width: 265px) 100vw, 265px\" \/><\/a>Der Sonntag stand ganz im Zeichen der geistigen Gesundheit. Auf die einf\u00fchrenden Erl\u00e4uterungen zum Stellenwert der Naturheilkunde in der modernen Medizin von Dr. med. Martin Freiherr von Rosen nahm Prof. Dr. Dr. Ernst von Weizs\u00e4cker die Zuh\u00f6rer mit auf eine kritisch-analytische Reise in die Welt der technischen Innovationen und ihre Auswirkungen. Herzerfrischend anders war der Vortrag von Personaltrainerin Alexandra Bilko-Pflaugner. Sie zeigte den Besuchern der Gesundheitstage, wie man ganz einfach die so wichtige Gedankenhygiene betreiben kann. Den kr\u00f6nenden Schlusspunkt unter das so gut wie nie besuchte Medizinische Vortragsforum setzte Pater Anselm Gr\u00fcn. Sein Rat lautete, zu seinen Wurzeln zu finden, um einen festen Halt im Leben zu finden. Dabei m\u00fcssten diese Wurzeln bei manchen Menschen gereinigt werden, um wieder ihre Funktion zu erf\u00fcllen.<\/p>\n<p><strong>Ausstellung mit Neuem und Bew\u00e4hrten<\/strong><\/p>\n<p><a href=\"http:\/\/www.fuldaer-nachrichten.de\/wp-content\/uploads\/2014\/05\/GesTage_2014_Er\u00f6ff_Presse.jpg\"><img loading=\"lazy\" decoding=\"async\" class=\"alignleft size-thumbnail wp-image-123994\" src=\"http:\/\/www.fuldaer-nachrichten.de\/wp-content\/uploads\/2014\/05\/GesTage_2014_Er\u00f6ff_Presse-265x209.jpg\" alt=\"GesTage_2014_Er\u00f6ff_Presse\" width=\"265\" height=\"209\" \/><\/a>Bis auf den letzten Platz belegt war auch die Ausstellungsfl\u00e4che in Stadthalle und Messezelt. Sorgf\u00e4ltig von den Initiatoren zusammengesetzt, pr\u00e4sentierten sich dort Anbieter aus ganz Deutschland in einer Mischung aus neuen und bekannten Gesichtern. Auch hier galt der Fokus ganz der naturheilkundlichen Ausrichtung. Das breit gef\u00e4cherte Spektrum diente dazu, den Besuchern m\u00f6glichst viele Anregungen f\u00fcr eine gesunde Lebensf\u00fchrung im Einklang mit der Natur zu geben. Aussteller wie Besucher lobten gleicherma\u00dfen das Konzept: Die Aussteller waren begeistert vom intensiven Interesse der Besucher und die Besucher wiederum nutzten eifrig das hochwertige Angebot f\u00fcr ausgiebige Beratungen, Tests und Vorf\u00fchrungen.<\/p>\n<p><strong>Bewegung in allen Facetten<\/strong><\/p>\n<p><a href=\"http:\/\/www.fuldaer-nachrichten.de\/wp-content\/uploads\/2014\/05\/GestAGe_Ausstell2_Presse.jpg\"><img loading=\"lazy\" decoding=\"async\" class=\"alignleft size-thumbnail wp-image-123992\" src=\"http:\/\/www.fuldaer-nachrichten.de\/wp-content\/uploads\/2014\/05\/GestAGe_Ausstell2_Presse-265x168.jpg\" alt=\"GestAGe_Ausstell2_Presse\" width=\"265\" height=\"168\" srcset=\"https:\/\/www.fuldaernachrichten.de\/wp-content\/uploads\/2014\/05\/GestAGe_Ausstell2_Presse-265x168.jpg 265w, https:\/\/www.fuldaernachrichten.de\/wp-content\/uploads\/2014\/05\/GestAGe_Ausstell2_Presse.jpg 600w\" sizes=\"(max-width: 265px) 100vw, 265px\" \/><\/a>Die gut dosierte und regelm\u00e4\u00dfige Bewegung ist einer der Grundpfeiler f\u00fcr die Pr\u00e4vention. In Schnupperkursen, Vorf\u00fchrungen und auf der erstmals angebotenen Sportb\u00fchne reichte das Spektrum von Klassikern wie NordicWalking und Tai Chi bis zu au\u00dfergew\u00f6hnlichen Kursen wie z. B. \u201eNIA Getanzte Lebensfreude\u201c oder Japanisches Trommeln. Auch hier galt ein besonderes Augenmerk der geistigen Fitness mit M\u00f6glichkeiten wie \u201eBrainGym\u201c, Yoga oder \u201eDie Stimmen des Selbst \u2013 wer bin ich\u201c.<\/p>\n<p><strong>Gesund schmeckt gut!<\/strong><\/p>\n<p><a href=\"http:\/\/www.fuldaer-nachrichten.de\/wp-content\/uploads\/2014\/05\/GesTage_2014_JapTrommeln_Presse.jpg\"><img loading=\"lazy\" decoding=\"async\" class=\"alignleft size-thumbnail wp-image-123993\" src=\"http:\/\/www.fuldaer-nachrichten.de\/wp-content\/uploads\/2014\/05\/GesTage_2014_JapTrommeln_Presse-265x176.jpg\" alt=\"GesTage_2014_JapTrommeln_Presse\" width=\"265\" height=\"176\" srcset=\"https:\/\/www.fuldaernachrichten.de\/wp-content\/uploads\/2014\/05\/GesTage_2014_JapTrommeln_Presse-265x176.jpg 265w, https:\/\/www.fuldaernachrichten.de\/wp-content\/uploads\/2014\/05\/GesTage_2014_JapTrommeln_Presse.jpg 600w\" sizes=\"(max-width: 265px) 100vw, 265px\" \/><\/a>Weiterer Pfeiler der effektiven Gesundheitsvorsorge ist die Ern\u00e4hrung. Deshalb servierte das K\u00fcchenteam der Schlosspark-Klinik bei den Gersfelder Gesundheitstagen ausschlie\u00dflich Kostproben aus ihrer vegetarischen Vollwertkost. Ein Angebot, das ebenfalls rei\u00dfenden Absatz fand.<\/p>\n<p><strong>Tag der offenen T\u00fcr <\/strong><\/p>\n<p>Das gesamte Spektrum von Schlosspark-Klinik, Praxis Dr. von Rosen und Zentrum f\u00fcr Biologische Krebsmedizin konnten Besucher der Gersfelder Gesundheitstage bei F\u00fchrungen und Gesundheitspr\u00fcfungen erleben. Auch hier schob man sich dicht an dicht durch die R\u00e4umlichkeiten.<\/p>\n<p><strong>Vorbeugen ist besser als heilen<\/strong><\/p>\n<p><a href=\"http:\/\/www.fuldaer-nachrichten.de\/wp-content\/uploads\/2014\/05\/GesTage_Klangvorf\u00fchr_Presse.jpg\"><img loading=\"lazy\" decoding=\"async\" class=\"alignleft size-thumbnail wp-image-123998\" src=\"http:\/\/www.fuldaer-nachrichten.de\/wp-content\/uploads\/2014\/05\/GesTage_Klangvorf\u00fchr_Presse-265x166.jpg\" alt=\"GesTage_Klangvorf\u00fchr_Presse\" width=\"265\" height=\"166\" \/><\/a>Kritische T\u00f6ne schlug Dr. med. J\u00fcrgen Freiherr von Rosen im Rahmen der Veranstaltung an. \u201eDie \u00d6ffentlichkeit glaubt noch, uns \u00fcbersehen zu k\u00f6nnen. Aber das ist ein Trugschluss. Die Not bei den Menschen wird immer gr\u00f6\u00dfer\u201c, unterstrich er eindringlich. Echte Hilfe sei nicht in Sicht. Die Schulmedizin behandelt haupts\u00e4chlich erst dann, wenn \u201edas Kind in den Brunnen gefallen ist\u201c, die Krankheit also bereits besteht, kritisierte Dr. von Rosen. Man habe immer noch nicht verstanden, dass Vorbeugen besser ist als Heilen, und dazu noch viel, viel billiger. Die Not bei den Menschen muss noch viel gr\u00f6\u00dfer werden, die Politiker, die \u00c4rzte und alle Verantwortlichen vor schier unl\u00f6sbare Probleme gestellt werden, bis ein Umdenken einsetzen wird, bef\u00fcrchtet der engagierte Naturmediziner.<\/p>\n<p><strong>N\u00e4chste Gesundheitstage am 7.\/8. Mai 2016<\/strong><\/p>\n<p>Deshalb wollen die Dres. von Rosen die Gersfelder Gesundheitstage auf jeden Fall fortf\u00fchren, bieten sie doch ein ideales Forum f\u00fcr die breite \u00d6ffentlichkeit. Die zw\u00f6lfte Auflage der beliebten Publikumsmesse rund um die Naturheilkunde findet am 7.\/8. Mai 2016 statt. Veranstalter der Gersfelder Gesundheitstage sind die Schlosspark-Klinik Dr. von Rosen, die Praxis Dr. von Rosen sowie die Gesellschaft zur Entwicklung und F\u00f6rderung der Naturheilkunde e.V. Neben der Stadt Gersfeld, der Freiwilligen Feuerwehr Gersfeld und dem Roten Kreuz unterst\u00fctzt Partner F\u00f6rstina die Veranstaltung. Weitere Informationen und viele Bilder von den Gersfelder Gesundheitstagen sind in K\u00fcrze unter <a href=\"http:\/\/www.gersfelder-gesundheitstage.de\">www.gersfelder-gesundheitstage.de<\/a> zu finden. Informationen zur naturheilkundlichen Behandlung der Schlosspark-Klinik gibt es unter Tel. 06654 160 oder <a href=\"http:\/\/www.schloss-klinik.de\">www.schloss-klinik.de<\/a> sowie unter Tel. 06654 960 950, www.praxis-rosen.de.<\/p>\n","protected":false},"excerpt":{"rendered":"<div class=\"tmnf_excerpt\"><p>Gersfeld. Lange gesund, gl\u00fccklich und leistungsstark das Leben genie\u00dfen. Davon tr\u00e4umt wohl jeder. Und fast jeder hat es in der Hand, dieses Ziel zu erreichen, sagen die Naturmediziner Dr. med. J\u00fcrgen Freiherr von Rosen, Inhaber der Schlosspark-Klinik im hessischen Gersfeld, sowie Dr. med. Martin Freiherr von Rosen, Inhaber der gleichnamigen Praxis. In der elften Auflage &hellip;<\/p>\n<\/div>","protected":false},"author":1,"featured_media":0,"comment_status":"closed","ping_status":"closed","sticky":false,"template":"","format":"standard","meta":{"footnotes":""},"categories":[1,51,78],"tags":[],"class_list":["post-123990","post","type-post","status-publish","format-standard","hentry","category-startseite","category-medizin","category-topthema"],"_links":{"self":[{"href":"https:\/\/www.fuldaernachrichten.de\/index.php?rest_route=\/wp\/v2\/posts\/123990","targetHints":{"allow":["GET"]}}],"collection":[{"href":"https:\/\/www.fuldaernachrichten.de\/index.php?rest_route=\/wp\/v2\/posts"}],"about":[{"href":"https:\/\/www.fuldaernachrichten.de\/index.php?rest_route=\/wp\/v2\/types\/post"}],"author":[{"embeddable":true,"href":"https:\/\/www.fuldaernachrichten.de\/index.php?rest_route=\/wp\/v2\/users\/1"}],"replies":[{"embeddable":true,"href":"https:\/\/www.fuldaernachrichten.de\/index.php?rest_route=%2Fwp%2Fv2%2Fcomments&post=123990"}],"version-history":[{"count":4,"href":"https:\/\/www.fuldaernachrichten.de\/index.php?rest_route=\/wp\/v2\/posts\/123990\/revisions"}],"predecessor-version":[{"id":124002,"href":"https:\/\/www.fuldaernachrichten.de\/index.php?rest_route=\/wp\/v2\/posts\/123990\/revisions\/124002"}],"wp:attachment":[{"href":"https:\/\/www.fuldaernachrichten.de\/index.php?rest_route=%2Fwp%2Fv2%2Fmedia&parent=123990"}],"wp:term":[{"taxonomy":"category","embeddable":true,"href":"https:\/\/www.fuldaernachrichten.de\/index.php?rest_route=%2Fwp%2Fv2%2Fcategories&post=123990"},{"taxonomy":"post_tag","embeddable":true,"href":"https:\/\/www.fuldaernachrichten.de\/index.php?rest_route=%2Fwp%2Fv2%2Ftags&post=123990"}],"curies":[{"name":"wp","href":"https:\/\/api.w.org\/{rel}","templated":true}]}}