{"id":123933,"date":"2014-05-13T07:10:08","date_gmt":"2014-05-13T07:10:08","guid":{"rendered":"http:\/\/www.fuldaer-nachrichten.de\/?p=123933"},"modified":"2014-05-13T07:10:08","modified_gmt":"2014-05-13T07:10:08","slug":"wild-kraeuter-woche-ab-14-mai-im-hotel-sonnentau-in-fladungen","status":"publish","type":"post","link":"https:\/\/www.fuldaernachrichten.de\/?p=123933","title":{"rendered":"Wild-Kr\u00e4uter-Woche ab 14. Mai im Hotel Sonnentau in Fladungen"},"content":{"rendered":"<p><strong>Fladungen. <\/strong>Zu einer ganz besonderen Aktion l\u00e4dt das Team des Hotels Sonnentau in Fladungen ein: Ganz im Zeichen frischer Kr\u00e4uter steht die Woche vom 14. bis 25. Mai 2014. Den Auftakt zu den traditionellen Wild-Kr\u00e4uter-Tagen bildet eine Kr\u00e4uterwanderung am 14. Mai ab 15 Uhr.<!--more--><\/p>\n<p>Interessierte sind herzlich eingeladen, w\u00e4hrend einer rund 1,5-st\u00fcndigen Wanderung rund um das Hotel verschiedene Garten- und Wildkr\u00e4uter kennenzulernen. Im Blickpunkt stehen dabei eher unbekannte Gew\u00e4chse, denn gerade sogenanntes \u201eUnkraut\u201c gewinnt heute vermehrt an Bedeutung und wird als aromatisches Gew\u00fcrz und Heilkraut eingesetzt.<\/p>\n<p>Ein anschlie\u00dfender Geschmackstest darf dann nat\u00fcrlich nicht fehlen: Vom selbstgemachten Wildkr\u00e4uterpesto \u00fcber Zanderfilet unter einer Kr\u00e4uterparmesankruste bis hin zu Rosmarin-Zitroneneis werden den G\u00e4sten im Restaurant des Rh\u00f6ner Charme-Hotels verschiedene Gerichte kredenzt. Als zweiter Termin f\u00fcr die Kr\u00e4uterwanderung ist Mittwoch, 21. Mai angesetzt. Anmeldungen richten Interessierte bitte an das Team des Hotels, telefonisch unter 09778\/91220 oder per Mail an info@sonnentau.com.<\/p>\n<p><strong>\u00c2\u00a0<\/strong><\/p>\n","protected":false},"excerpt":{"rendered":"<div class=\"tmnf_excerpt\"><p>Fladungen. Zu einer ganz besonderen Aktion l\u00e4dt das Team des Hotels Sonnentau in Fladungen ein: Ganz im Zeichen frischer Kr\u00e4uter steht die Woche vom 14. bis 25. Mai 2014. Den Auftakt zu den traditionellen Wild-Kr\u00e4uter-Tagen bildet eine Kr\u00e4uterwanderung am 14. Mai ab 15 Uhr.<\/p>\n<\/div>","protected":false},"author":1,"featured_media":0,"comment_status":"closed","ping_status":"closed","sticky":false,"template":"","format":"standard","meta":{"footnotes":""},"categories":[1,37],"tags":[],"class_list":["post-123933","post","type-post","status-publish","format-standard","hentry","category-startseite","category-essen-und-trinken"],"_links":{"self":[{"href":"https:\/\/www.fuldaernachrichten.de\/index.php?rest_route=\/wp\/v2\/posts\/123933","targetHints":{"allow":["GET"]}}],"collection":[{"href":"https:\/\/www.fuldaernachrichten.de\/index.php?rest_route=\/wp\/v2\/posts"}],"about":[{"href":"https:\/\/www.fuldaernachrichten.de\/index.php?rest_route=\/wp\/v2\/types\/post"}],"author":[{"embeddable":true,"href":"https:\/\/www.fuldaernachrichten.de\/index.php?rest_route=\/wp\/v2\/users\/1"}],"replies":[{"embeddable":true,"href":"https:\/\/www.fuldaernachrichten.de\/index.php?rest_route=%2Fwp%2Fv2%2Fcomments&post=123933"}],"version-history":[{"count":1,"href":"https:\/\/www.fuldaernachrichten.de\/index.php?rest_route=\/wp\/v2\/posts\/123933\/revisions"}],"predecessor-version":[{"id":123934,"href":"https:\/\/www.fuldaernachrichten.de\/index.php?rest_route=\/wp\/v2\/posts\/123933\/revisions\/123934"}],"wp:attachment":[{"href":"https:\/\/www.fuldaernachrichten.de\/index.php?rest_route=%2Fwp%2Fv2%2Fmedia&parent=123933"}],"wp:term":[{"taxonomy":"category","embeddable":true,"href":"https:\/\/www.fuldaernachrichten.de\/index.php?rest_route=%2Fwp%2Fv2%2Fcategories&post=123933"},{"taxonomy":"post_tag","embeddable":true,"href":"https:\/\/www.fuldaernachrichten.de\/index.php?rest_route=%2Fwp%2Fv2%2Ftags&post=123933"}],"curies":[{"name":"wp","href":"https:\/\/api.w.org\/{rel}","templated":true}]}}