{"id":123911,"date":"2014-05-12T06:10:09","date_gmt":"2014-05-12T06:10:09","guid":{"rendered":"http:\/\/www.fuldaer-nachrichten.de\/?p=123911"},"modified":"2014-05-12T06:10:32","modified_gmt":"2014-05-12T06:10:32","slug":"patschnass-aber-unendlich-viel-spass","status":"publish","type":"post","link":"https:\/\/www.fuldaernachrichten.de\/?p=123911","title":{"rendered":"Patschnass, aber unendlich viel Spa\u00df"},"content":{"rendered":"<p><img decoding=\"async\" class=\"alignleft size-thumbnail wp-image-123913\" src=\"http:\/\/www.fuldaer-nachrichten.de\/wp-content\/uploads\/2014\/05\/Kanu-Wandern-der-Kanu-Talente-265x176.jpg\" alt=\"Kanu-Wandern der Kanu-Talente\" width=\"265\" height=\"176\" srcset=\"https:\/\/www.fuldaernachrichten.de\/wp-content\/uploads\/2014\/05\/Kanu-Wandern-der-Kanu-Talente-265x176.jpg 265w, https:\/\/www.fuldaernachrichten.de\/wp-content\/uploads\/2014\/05\/Kanu-Wandern-der-Kanu-Talente.jpg 600w\" sizes=\"(max-width: 265px) 100vw, 265px\" \/>Fulda. Der Fuldaer-Bewegungs- und Talentcheck http:\/\/www.bewegungscheck-fulda.de\/<br \/>\nist eine tolle Sache. Seit mehreren Jahren beteiligen sich die 2. Klassen<br \/>\nder Schulen in der Stadt und im Landkreis an dieser Bewegungs- und<br \/>\nTalentsichtung. Durchgef\u00fchrt werden die Tests von Prof. Dr. Andreas Hohmann<br \/>\nund studentischen Hilfskr\u00e4ften der Uni Bayreuth.<\/p>\n<p>Die Ergebnisse dieser Tests k\u00f6nnen sich sehen lassen. Immerhin liegen die<br \/>\nSch\u00fclerinnen und Sch\u00fcler der Domstadt und des Landkreises zum Beispiel beim<br \/>\n6-min-Lauf weit \u00fcber dem Bundesdurchschnitt.<!--more--><\/p>\n<p>Was passiert mit den Talenten? Der Kanu-Club-Fulda hat zum Beispiel eine<br \/>\nListe mit 230 Namen \u2013 fast 13 % der getesteten 1.800 Sch\u00fclerinnen und<br \/>\nSch\u00fcler \u2013 erhalten, die besondere F\u00e4higkeiten f\u00fcr den Kanu-Sport mitbringen.<br \/>\nEin toller Service des Landkreises. Alle Kanu-Talente, die ihre Adresse<br \/>\nhinterlegt hatten, wurden angeschrieben und zum Schnupperpaddeln eingeladen.<br \/>\nDieses fand am 09. Mai statt.<\/p>\n<p><img decoding=\"async\" class=\"alignleft size-thumbnail wp-image-123914\" src=\"http:\/\/www.fuldaer-nachrichten.de\/wp-content\/uploads\/2014\/05\/Abgetaucht-265x176.jpg\" alt=\"Abgetaucht\" width=\"265\" height=\"176\" srcset=\"https:\/\/www.fuldaernachrichten.de\/wp-content\/uploads\/2014\/05\/Abgetaucht-265x176.jpg 265w, https:\/\/www.fuldaernachrichten.de\/wp-content\/uploads\/2014\/05\/Abgetaucht.jpg 600w\" sizes=\"(max-width: 265px) 100vw, 265px\" \/>Sechs Kinder haben das erste Angebot angenommen und sind zum<br \/>\nSchnupperpaddeln gekommen. W\u00e4hrend Julius und J\u00f6rg Zentgraf die Theorie und<br \/>\nPraxis begleiteten, standen Elke und Harald Piaskowski f\u00fcr die Fragen der<br \/>\nEltern parat.<\/p>\n<p>Nach einer kurzen Einf\u00fchrung an Land, ging es auch schon bald mit Einern und<br \/>\nZweiern aufs Wasser. Und schnell war zu erkennen, dass die ausgew\u00e4hlten<br \/>\nKanu-Talente tats\u00e4chlich gut mit den bislang fremden Sportger\u00e4ten zu recht<br \/>\nkamen. Ge\u00fcbt wurde mit und ohne Paddel und auch Geschicklichkeitstests<br \/>\nstanden auf dem Programm. So mussten alle Teilnehmer in ihren Booten<br \/>\naufstehen und verschiedene \u00dcbungen im Stehen absolvieren. Auch eine<br \/>\n\u201eBootswanderung\u201c wurde ausprobiert und bestens gemeistert. Dabei musste<br \/>\nimmer eines der Kanu-Talente \u00fcber die Boote der anderen laufen und wieder zu<br \/>\nseinem Boot zur\u00fcck kehren.<\/p>\n<p><img decoding=\"async\" class=\"alignleft size-thumbnail wp-image-123915\" src=\"http:\/\/www.fuldaer-nachrichten.de\/wp-content\/uploads\/2014\/05\/Start-auf-der-Kanu-Rutsche-265x176.jpg\" alt=\"Start auf der Kanu-Rutsche\" width=\"265\" height=\"176\" srcset=\"https:\/\/www.fuldaernachrichten.de\/wp-content\/uploads\/2014\/05\/Start-auf-der-Kanu-Rutsche-265x176.jpg 265w, https:\/\/www.fuldaernachrichten.de\/wp-content\/uploads\/2014\/05\/Start-auf-der-Kanu-Rutsche.jpg 600w\" sizes=\"(max-width: 265px) 100vw, 265px\" \/>Zu guter Letzt war es die Neugier, die alle auf die \u201eRutsche\u201c zog. Was<br \/>\nsollte denn das f\u00fcr ein Ger\u00e4t sein, das da am Flussufer auf dem Gel\u00e4nde des<br \/>\nKanu-Clubs steht. Das war schnell erkl\u00e4rt: Die ber\u00fchmt-ber\u00fcchtigte<br \/>\nFuldaer-Kanu-Rutsche, auf der die Trainer und \u00dcbungsleiter des Vereins allen<br \/>\nNeugierigen ein erstes \u201eWildwasser-Feeling\u201c vermitteln. Mit rasender<br \/>\nGeschwindigkeit st\u00fcrzen die Boote ins Wasser und man wird \u201epatschnass \u2013 mit<br \/>\nunendlich viel Spa\u00df\u201c. Nach skeptischen Blicken bei der Beobachtung des<br \/>\nersten Freiwilligen waren alle bereit und absolvierten den Sprung von der<br \/>\nKanu-Rutsche. Dann ging es Schlag auf Schlag; alle wollten dabei sein und<br \/>\nkeiner bereute es. Nach dem ersten Schreck strahlten die Gesichter vor<br \/>\nBegeisterung!<\/p>\n<p><img loading=\"lazy\" decoding=\"async\" class=\"alignleft size-thumbnail wp-image-123912\" src=\"http:\/\/www.fuldaer-nachrichten.de\/wp-content\/uploads\/2014\/05\/Eingetaucht-265x176.jpg\" alt=\"Eingetaucht\" width=\"265\" height=\"176\" srcset=\"https:\/\/www.fuldaernachrichten.de\/wp-content\/uploads\/2014\/05\/Eingetaucht-265x176.jpg 265w, https:\/\/www.fuldaernachrichten.de\/wp-content\/uploads\/2014\/05\/Eingetaucht.jpg 600w\" sizes=\"(max-width: 265px) 100vw, 265px\" \/>Ein einmaliges Erlebnis? Hoffentlich nicht! Alle Teilnehmer haben die<br \/>\nKursunterlagen des Kanu-Club-Fulda mitgenommen und sich bereits f\u00fcr<br \/>\nverschiedene Anf\u00e4nger-Kurse gemeldet. Der n\u00e4chste Anf\u00e4nger-Kurs startet am<br \/>\n06. Juni. Dazu sind auch alle Talente eingeladen, die am Schnupperpaddeln<br \/>\nnicht teilnehmen konnten. Details gibt es unter<br \/>\nhttp:\/\/www.kanu-club-fulda.de\/abteilungen\/kanukurse\/ oder direkt am<br \/>\nBootshaus des Kanu-Club-Fulda<br \/>\nhttp:\/\/www.kanu-club-fulda.de\/vereinsleben\/anfahrt\/ .<\/p>\n<p>Text und Fotos: Harald Piaskowski<\/p>\n","protected":false},"excerpt":{"rendered":"<div class=\"tmnf_excerpt\"><p>Fulda. Der Fuldaer-Bewegungs- und Talentcheck http:\/\/www.bewegungscheck-fulda.de\/ ist eine tolle Sache. Seit mehreren Jahren beteiligen sich die 2. Klassen der Schulen in der Stadt und im Landkreis an dieser Bewegungs- und Talentsichtung. Durchgef\u00fchrt werden die Tests von Prof. Dr. Andreas Hohmann und studentischen Hilfskr\u00e4ften der Uni Bayreuth. Die Ergebnisse dieser Tests k\u00f6nnen sich sehen lassen. Immerhin &hellip;<\/p>\n<\/div>","protected":false},"author":1,"featured_media":123913,"comment_status":"closed","ping_status":"closed","sticky":false,"template":"","format":"standard","meta":{"footnotes":""},"categories":[1,53,51,72,78],"tags":[],"class_list":["post-123911","post","type-post","status-publish","format-standard","has-post-thumbnail","hentry","category-startseite","category-bildung","category-medizin","category-jugend","category-topthema"],"_links":{"self":[{"href":"https:\/\/www.fuldaernachrichten.de\/index.php?rest_route=\/wp\/v2\/posts\/123911","targetHints":{"allow":["GET"]}}],"collection":[{"href":"https:\/\/www.fuldaernachrichten.de\/index.php?rest_route=\/wp\/v2\/posts"}],"about":[{"href":"https:\/\/www.fuldaernachrichten.de\/index.php?rest_route=\/wp\/v2\/types\/post"}],"author":[{"embeddable":true,"href":"https:\/\/www.fuldaernachrichten.de\/index.php?rest_route=\/wp\/v2\/users\/1"}],"replies":[{"embeddable":true,"href":"https:\/\/www.fuldaernachrichten.de\/index.php?rest_route=%2Fwp%2Fv2%2Fcomments&post=123911"}],"version-history":[{"count":1,"href":"https:\/\/www.fuldaernachrichten.de\/index.php?rest_route=\/wp\/v2\/posts\/123911\/revisions"}],"predecessor-version":[{"id":123916,"href":"https:\/\/www.fuldaernachrichten.de\/index.php?rest_route=\/wp\/v2\/posts\/123911\/revisions\/123916"}],"wp:featuredmedia":[{"embeddable":true,"href":"https:\/\/www.fuldaernachrichten.de\/index.php?rest_route=\/wp\/v2\/media\/123913"}],"wp:attachment":[{"href":"https:\/\/www.fuldaernachrichten.de\/index.php?rest_route=%2Fwp%2Fv2%2Fmedia&parent=123911"}],"wp:term":[{"taxonomy":"category","embeddable":true,"href":"https:\/\/www.fuldaernachrichten.de\/index.php?rest_route=%2Fwp%2Fv2%2Fcategories&post=123911"},{"taxonomy":"post_tag","embeddable":true,"href":"https:\/\/www.fuldaernachrichten.de\/index.php?rest_route=%2Fwp%2Fv2%2Ftags&post=123911"}],"curies":[{"name":"wp","href":"https:\/\/api.w.org\/{rel}","templated":true}]}}