{"id":12390,"date":"2008-09-30T22:24:47","date_gmt":"2008-09-30T20:24:47","guid":{"rendered":"http:\/\/www.schoene-nachrichten.de\/?p=12390"},"modified":"2008-10-01T22:25:11","modified_gmt":"2008-10-01T20:25:11","slug":"visionen-und-ziele-fuer-die-kinder-und-jugendarbeit-der-dpsg-2","status":"publish","type":"post","link":"https:\/\/www.fuldaernachrichten.de\/?p=12390","title":{"rendered":"Visionen und Ziele f\u00fcr die Kinder- und Jugendarbeit der DPSG"},"content":{"rendered":"<p><!--[if gte mso 9]><xml> Normal   0         21         false   false   false      DE   X-NONE   X-NONE                                                     MicrosoftInternetExplorer4 <\/xml><![endif]--><!--[if gte mso 9]><xml> <\/xml><![endif]--> <!--[if gte mso 10]>\n\n\n<style>\n \/* Style Definitions *\/\n table.MsoNormalTable\n\t{mso-style-name:\"Normale Tabelle\";\n\tmso-tstyle-rowband-size:0;\n\tmso-tstyle-colband-size:0;\n\tmso-style-noshow:yes;\n\tmso-style-priority:99;\n\tmso-style-qformat:yes;\n\tmso-style-parent:\"\";\n\tmso-padding-alt:0cm 5.4pt 0cm 5.4pt;\n\tmso-para-margin:0cm;\n\tmso-para-margin-bottom:.0001pt;\n\tmso-pagination:widow-orphan;\n\tfont-size:11.0pt;\n\tfont-family:\"Calibri\",\"sans-serif\";\n\tmso-ascii-font-family:Calibri;\n\tmso-ascii-theme-font:minor-latin;\n\tmso-fareast-font-family:\"Times New Roman\";\n\tmso-fareast-theme-font:minor-fareast;\n\tmso-hansi-font-family:Calibri;\n\tmso-hansi-theme-font:minor-latin;\n\tmso-bidi-font-family:\"Times New Roman\";\n\tmso-bidi-theme-font:minor-bidi;}\n<\/style>\n\n<![endif]--><strong>Fulda\/Mainz.<\/strong> Im Pfadfinderhaus R\u00f6derhaid schauten vom 19. bis 21. September achtzehn Vorst\u00e4nde nach ihren Sternen f\u00fcr die Stammesarbeit vor Ort. Aber die Sterne sollten nicht am Himmel bleiben, sondern konkret auf die Erde geholt werden. Was macht den perfekten Stamm aus? Welche Themen und Aktionen pr\u00e4gen die Gruppenarbeit und das Zusammenleben des gesamten Stammes? Diesen Fragen ging die Gruppe nach, um dann ihr pers\u00f6nliches Ziel f\u00fcr die Arbeit vor Ort zu formulieren. \u201eWir haben den Teilnehmern die Gelegenheit gegeben, Ziele &#8211; wenn auch erst mal theoretisch &#8211; anzupacken.<!--more--><!--[if gte mso 9]><xml> Normal   0         21         false   false   false      DE   X-NONE   X-NONE                                                     MicrosoftInternetExplorer4 <\/xml><![endif]--><!--[if gte mso 9]><xml> <\/xml><![endif]--> <!--[if gte mso 10]>\n\n\n<style>\n \/* Style Definitions *\/\n table.MsoNormalTable\n\t{mso-style-name:\"Normale Tabelle\";\n\tmso-tstyle-rowband-size:0;\n\tmso-tstyle-colband-size:0;\n\tmso-style-noshow:yes;\n\tmso-style-priority:99;\n\tmso-style-qformat:yes;\n\tmso-style-parent:\"\";\n\tmso-padding-alt:0cm 5.4pt 0cm 5.4pt;\n\tmso-para-margin:0cm;\n\tmso-para-margin-bottom:.0001pt;\n\tmso-pagination:widow-orphan;\n\tfont-size:11.0pt;\n\tfont-family:\"Calibri\",\"sans-serif\";\n\tmso-ascii-font-family:Calibri;\n\tmso-ascii-theme-font:minor-latin;\n\tmso-fareast-font-family:\"Times New Roman\";\n\tmso-fareast-theme-font:minor-fareast;\n\tmso-hansi-font-family:Calibri;\n\tmso-hansi-theme-font:minor-latin;\n\tmso-bidi-font-family:\"Times New Roman\";\n\tmso-bidi-theme-font:minor-bidi;}\n<\/style>\n\n<![endif]--><\/p>\n<p>Mit verschiedenen Methoden des Projektmanagement wurden so aus den Ideen ein umsetzbares Projekt f\u00fcr die Stammesarbeit&#8221;, meinte Moritz Brandt (19) aus Witzenhausen, der f\u00fcr die Region Nord der DPSG im Bistum Fulda zust\u00e4ndig ist. Das Thema Visionen und Ziele war dann auch die Fragestellung des gemeinsamen Gottesdienstes, der von Pfarrer Christian Stamm zelebriert wurde.<\/p>\n<p><strong>Sterne vom Himmel herunterholen<\/strong><\/p>\n<p>Themen waren aber auch die Einbindung der Eltern in die Aktivit\u00e4ten des Stammes oder die \u00d6ffentlichkeitsarbeit. F\u00fcr Moritz Brandt ist wichtig: \u201eJeder Stamm hat seine ganz eigene Organisation und Arbeitsweise. Da kann der Austausch neue Impulse geben, etwas Gewohntes zu hinterfragen oder auch Neues mit in die Arbeit aufzunehmen. An dem Wochenende hatten die Fuldaer Stammesvorst\u00e4nde auch die M\u00f6glichkeit, \u00fcber die Bistumsgrenzen hinaus mit Vorst\u00e4nden aus Mainz ins Gespr\u00e4ch zu kommen.&#8221; Die Sterne vom Himmel herunterholen, diskutieren und planen war nat\u00fcrlich nicht alles. Mit Singspielen bekam der Austausch am Samstagabend noch mal einen neuen Aspekt. Und so wurde das Wochenende singend und mit viel Aktion abgerundet.<\/p>\n<p>Mit dabei waren Stammesvorst\u00e4nde aus Witzenhausen, Fulda, Bachrain, Rodenbach, Bad Soden-Salm\u00fcnster, Melsungen, Bad Orb und Windecken.<\/p>\n","protected":false},"excerpt":{"rendered":"<div class=\"tmnf_excerpt\"><p>Fulda\/Mainz. Im Pfadfinderhaus R\u00f6derhaid schauten vom 19. bis 21. September achtzehn Vorst\u00e4nde nach ihren Sternen f\u00fcr die Stammesarbeit vor Ort. Aber die Sterne sollten nicht am Himmel bleiben, sondern konkret auf die Erde geholt werden. Was macht den perfekten Stamm aus? Welche Themen und Aktionen pr\u00e4gen die Gruppenarbeit und das Zusammenleben des gesamten Stammes? Diesen &hellip;<\/p>\n<\/div>","protected":false},"author":1,"featured_media":0,"comment_status":"closed","ping_status":"closed","sticky":false,"template":"","format":"standard","meta":{"footnotes":""},"categories":[1],"tags":[],"class_list":["post-12390","post","type-post","status-publish","format-standard","hentry","category-startseite"],"_links":{"self":[{"href":"https:\/\/www.fuldaernachrichten.de\/index.php?rest_route=\/wp\/v2\/posts\/12390","targetHints":{"allow":["GET"]}}],"collection":[{"href":"https:\/\/www.fuldaernachrichten.de\/index.php?rest_route=\/wp\/v2\/posts"}],"about":[{"href":"https:\/\/www.fuldaernachrichten.de\/index.php?rest_route=\/wp\/v2\/types\/post"}],"author":[{"embeddable":true,"href":"https:\/\/www.fuldaernachrichten.de\/index.php?rest_route=\/wp\/v2\/users\/1"}],"replies":[{"embeddable":true,"href":"https:\/\/www.fuldaernachrichten.de\/index.php?rest_route=%2Fwp%2Fv2%2Fcomments&post=12390"}],"version-history":[{"count":0,"href":"https:\/\/www.fuldaernachrichten.de\/index.php?rest_route=\/wp\/v2\/posts\/12390\/revisions"}],"wp:attachment":[{"href":"https:\/\/www.fuldaernachrichten.de\/index.php?rest_route=%2Fwp%2Fv2%2Fmedia&parent=12390"}],"wp:term":[{"taxonomy":"category","embeddable":true,"href":"https:\/\/www.fuldaernachrichten.de\/index.php?rest_route=%2Fwp%2Fv2%2Fcategories&post=12390"},{"taxonomy":"post_tag","embeddable":true,"href":"https:\/\/www.fuldaernachrichten.de\/index.php?rest_route=%2Fwp%2Fv2%2Ftags&post=12390"}],"curies":[{"name":"wp","href":"https:\/\/api.w.org\/{rel}","templated":true}]}}