{"id":12389,"date":"2008-09-30T00:02:37","date_gmt":"2008-09-29T22:02:37","guid":{"rendered":"http:\/\/www.schoene-nachrichten.de\/?p=12389"},"modified":"2008-09-29T22:43:11","modified_gmt":"2008-09-29T20:43:11","slug":"40-tonnen-kleider-fuer-soziale-projekte-gesammelt-kab-dankt-fuer-unterstuetzung","status":"publish","type":"post","link":"https:\/\/www.fuldaernachrichten.de\/?p=12389","title":{"rendered":"40 Tonnen Kleider f\u00fcr soziale Projekte gesammelt \u2013 KAB dankt f\u00fcr Unterst\u00fctzung"},"content":{"rendered":"<p><strong>Fulda<\/strong>. Die traditionelle Kleider- und Schuhsammlung der Katholischen Arbeitnehmer-Bewegung (KAB) Rh\u00f6n\/Vogelsberg war auch in diesem Jahr wieder ein gro\u00dfer Erfolg. Ca. 40 Tonnen wiederverwertbarer Textilien und Schuhe sammelten die \u00fcber 120 Helferinnen und Helfer aus der KAB, befreundeten Verb\u00e4nde und Pfarrgemeinden in Teilen des Landkreises Fulda. Das Solidarit\u00e4tswerk der KAB Fulda e.V., das die Federf\u00fchrung der Aktion hatte, wird mit dem Erl\u00f6s auch in diesem Jahr zehn Projekte unter dem Motto \u201eHilfe zur Selbsthilfe&#8221; in Entwicklungs- und Schwellenl\u00e4ndern unterst\u00fctzen k\u00f6nnen.<!--more--><\/p>\n<p>Schwerpunkte der Hilfe, die von der KAB Rh\u00f6n\/Vogelsberg zusammen mit den angeschlossenen Vereinen geleistet wird, liegen in Omsk (Sibirien), Zimbabwe (Afrika) und Lateinamerika. Zentrales Projekt ist die Unterst\u00fctzung der Arbeit der Movimiento de Trabajadores Campesinos (MTC) von San Marcos in Guatemala. In dem kleinen mittelamerikanischen Land versucht die Landarbeiterbewegung die Lebenssituation der Familien mit verschiedenen Ma\u00dfnahmen zu verbessern.<\/p>\n<p>Auch mit Hilfe der KAB aus Fulda konnten zwischenzeitlich zwei kleine Bildungszentren aufgebaut werden, ein weiteres ist in Planung. In diesen Bildungszentren werden unter anderem gezielt Informationen f\u00fcr Kaffeebauern und Techniken in verschieden Kunsthandwerksbereichen vermittelt. Von letzterem profitieren insbesondere Frauen, um einen eigenen Beitrag zum Familieneinkommen leisten zu k\u00f6nnen. Ein gro\u00dfes Augenmerk wird auch auf politische Bildung gelegt. Die Menschen sollen in die Lage versetzt werden, sich selbst f\u00fcr die Verbesserung der eigenen Lebenssituation einzusetzen, sowohl in Interessenvertretungen aber auch im kommunalpolitischen Bereich. Unterst\u00fctzt wird die MTC in San Marcos dabei auch insbesondere durch den dortigen Bischof Alvaro Ramazzini.<\/p>\n<p>\u201eWir freuen uns, da\u00df auch in diesem Jahr wieder viele Mitb\u00fcrger unserem Aufruf, abgelegte Kleidung und Schuhe zu spenden, gefolgt sind&#8221;, betont KAB-Di\u00f6zesansekret\u00e4r Michael Schmitt. \u201eDen Spendern, den Helfern sowie denjenigen, die die Fahrzeuge zur Verf\u00fcgung gestellt haben, gilt unser Dank; nur durch solch gro\u00dfz\u00fcgige Hilfe kann ein Verband sich f\u00fcr benachteiligte Menschen engagieren.&#8221; Zufrieden zeigte sich Schmitt auch, da\u00df die Aktion unfallfrei verlaufen ist. F\u00fcr diejenigen, die am Wochenende keine Gelegenheit hatten, ihre Kleiderspenden zur Verf\u00fcgung zu stellen, steht am Sekretariat der KAB in der Fuldaer Agnes-Huenninger-Stra\u00dfe im Gewerbepark M\u00fcnsterfeld noch bis zum 30. September eine mobile Kleider-Box, die rund um die Uhr genutzt werden kann.<\/p>\n<p><strong> <\/strong><\/p>\n","protected":false},"excerpt":{"rendered":"<div class=\"tmnf_excerpt\"><p>Fulda. Die traditionelle Kleider- und Schuhsammlung der Katholischen Arbeitnehmer-Bewegung (KAB) Rh\u00f6n\/Vogelsberg war auch in diesem Jahr wieder ein gro\u00dfer Erfolg. Ca. 40 Tonnen wiederverwertbarer Textilien und Schuhe sammelten die \u00fcber 120 Helferinnen und Helfer aus der KAB, befreundeten Verb\u00e4nde und Pfarrgemeinden in Teilen des Landkreises Fulda. Das Solidarit\u00e4tswerk der KAB Fulda e.V., das die Federf\u00fchrung &hellip;<\/p>\n<\/div>","protected":false},"author":1,"featured_media":0,"comment_status":"closed","ping_status":"closed","sticky":false,"template":"","format":"standard","meta":{"footnotes":""},"categories":[1,50],"tags":[],"class_list":["post-12389","post","type-post","status-publish","format-standard","hentry","category-startseite","category-kirche"],"_links":{"self":[{"href":"https:\/\/www.fuldaernachrichten.de\/index.php?rest_route=\/wp\/v2\/posts\/12389","targetHints":{"allow":["GET"]}}],"collection":[{"href":"https:\/\/www.fuldaernachrichten.de\/index.php?rest_route=\/wp\/v2\/posts"}],"about":[{"href":"https:\/\/www.fuldaernachrichten.de\/index.php?rest_route=\/wp\/v2\/types\/post"}],"author":[{"embeddable":true,"href":"https:\/\/www.fuldaernachrichten.de\/index.php?rest_route=\/wp\/v2\/users\/1"}],"replies":[{"embeddable":true,"href":"https:\/\/www.fuldaernachrichten.de\/index.php?rest_route=%2Fwp%2Fv2%2Fcomments&post=12389"}],"version-history":[{"count":0,"href":"https:\/\/www.fuldaernachrichten.de\/index.php?rest_route=\/wp\/v2\/posts\/12389\/revisions"}],"wp:attachment":[{"href":"https:\/\/www.fuldaernachrichten.de\/index.php?rest_route=%2Fwp%2Fv2%2Fmedia&parent=12389"}],"wp:term":[{"taxonomy":"category","embeddable":true,"href":"https:\/\/www.fuldaernachrichten.de\/index.php?rest_route=%2Fwp%2Fv2%2Fcategories&post=12389"},{"taxonomy":"post_tag","embeddable":true,"href":"https:\/\/www.fuldaernachrichten.de\/index.php?rest_route=%2Fwp%2Fv2%2Ftags&post=12389"}],"curies":[{"name":"wp","href":"https:\/\/api.w.org\/{rel}","templated":true}]}}