{"id":123881,"date":"2014-05-09T00:14:56","date_gmt":"2014-05-09T00:14:56","guid":{"rendered":"http:\/\/www.fuldaer-nachrichten.de\/?p=123881"},"modified":"2014-05-08T17:26:12","modified_gmt":"2014-05-08T17:26:12","slug":"gundhilde-cress-aus-schluechtern-gewinnt-das-eroeffnungsgewinnspiel-von-tegut-und-damit-einen-einkaufsgutschein-in-hoehe-von-500-euro","status":"publish","type":"post","link":"https:\/\/www.fuldaernachrichten.de\/?p=123881","title":{"rendered":"Gundhilde Cre\u00df aus Schl\u00fcchtern gewinnt das Er\u00f6ffnungsgewinnspiel von tegut\u00e2\u20ac\u00a6 und damit einen Einkaufsgutschein in H\u00f6he von 500 Euro"},"content":{"rendered":"<p><a href=\"http:\/\/www.fuldaer-nachrichten.de\/wp-content\/uploads\/2014\/05\/tegut...-Schl\u00fcchtern-Gewinner.jpg\"><img decoding=\"async\" class=\"alignleft size-thumbnail wp-image-123882\" src=\"http:\/\/www.fuldaer-nachrichten.de\/wp-content\/uploads\/2014\/05\/tegut...-Schl\u00fcchtern-Gewinner-265x171.jpg\" alt=\"tegut... Schl\u00fcchtern Gewinner\" width=\"265\" height=\"171\" \/><\/a>Schl\u00fcchtern. In der Er\u00f6ffnungswoche konnten die Kunden vom 03. April bis 05. April ihr Gl\u00fcck versuchen und sch\u00e4tzen, wie viel Energie der neu umgebaute tegut\u00e2\u20ac\u00a6 Markt in der Breitenbacher Stra\u00dfe 22 nun spart. Bis zu 30% an Energie spart der neue Markt ein und das hat auch Gundhilde Cre\u00df gewusst, die ihren Mann zur Gutschein\u00fcbergabe entsendete. \u201eWir freuen uns, dass so vielen Kunden bei dem Gewinnspiel mitgemacht haben\u201c, verr\u00e4t Hasan Akdeniz, Filialgesch\u00e4ftsf\u00fchrer. Insgesamt wurden Einkaufsgutscheine und Pr\u00e4sentk\u00f6rbe im Wert von rund 1.700 \u00e2\u201a\u00ac verlost. \u201eWir sind dankbar, dass die Kunden so viel Verst\u00e4ndnis in der Umbauphase hatten und uns an vielen Stellen spiegeln, dass sie sich in ihrem neuen Markt sehr wohl f\u00fchlen. F\u00fcr das Kompliment und die Treue wollen wir uns bedanken und was gibt es n\u00fctzlicheres als einen Einkaufsgutschein\u201c, erg\u00e4nzt Thomas St\u00e4b, tegut\u00e2\u20ac\u00a6 Gebietsverantwortlicher, der zusammen mit Hasan Akdeniz die Gutscheine \u00fcberreichte. Am Ende sind sich alle einig: Das Gl\u00fcck liegt nicht nur auf dem R\u00fccken der Pferde.<\/p>\n","protected":false},"excerpt":{"rendered":"<div class=\"tmnf_excerpt\"><p>Schl\u00fcchtern. In der Er\u00f6ffnungswoche konnten die Kunden vom 03. April bis 05. April ihr Gl\u00fcck versuchen und sch\u00e4tzen, wie viel Energie der neu umgebaute tegut\u00e2\u20ac\u00a6 Markt in der Breitenbacher Stra\u00dfe 22 nun spart. Bis zu 30% an Energie spart der neue Markt ein und das hat auch Gundhilde Cre\u00df gewusst, die ihren Mann zur Gutschein\u00fcbergabe &hellip;<\/p>\n<\/div>","protected":false},"author":1,"featured_media":0,"comment_status":"closed","ping_status":"closed","sticky":false,"template":"","format":"standard","meta":{"footnotes":""},"categories":[1,37],"tags":[],"class_list":["post-123881","post","type-post","status-publish","format-standard","hentry","category-startseite","category-essen-und-trinken"],"_links":{"self":[{"href":"https:\/\/www.fuldaernachrichten.de\/index.php?rest_route=\/wp\/v2\/posts\/123881","targetHints":{"allow":["GET"]}}],"collection":[{"href":"https:\/\/www.fuldaernachrichten.de\/index.php?rest_route=\/wp\/v2\/posts"}],"about":[{"href":"https:\/\/www.fuldaernachrichten.de\/index.php?rest_route=\/wp\/v2\/types\/post"}],"author":[{"embeddable":true,"href":"https:\/\/www.fuldaernachrichten.de\/index.php?rest_route=\/wp\/v2\/users\/1"}],"replies":[{"embeddable":true,"href":"https:\/\/www.fuldaernachrichten.de\/index.php?rest_route=%2Fwp%2Fv2%2Fcomments&post=123881"}],"version-history":[{"count":1,"href":"https:\/\/www.fuldaernachrichten.de\/index.php?rest_route=\/wp\/v2\/posts\/123881\/revisions"}],"predecessor-version":[{"id":123883,"href":"https:\/\/www.fuldaernachrichten.de\/index.php?rest_route=\/wp\/v2\/posts\/123881\/revisions\/123883"}],"wp:attachment":[{"href":"https:\/\/www.fuldaernachrichten.de\/index.php?rest_route=%2Fwp%2Fv2%2Fmedia&parent=123881"}],"wp:term":[{"taxonomy":"category","embeddable":true,"href":"https:\/\/www.fuldaernachrichten.de\/index.php?rest_route=%2Fwp%2Fv2%2Fcategories&post=123881"},{"taxonomy":"post_tag","embeddable":true,"href":"https:\/\/www.fuldaernachrichten.de\/index.php?rest_route=%2Fwp%2Fv2%2Ftags&post=123881"}],"curies":[{"name":"wp","href":"https:\/\/api.w.org\/{rel}","templated":true}]}}