{"id":123839,"date":"2014-05-09T00:10:13","date_gmt":"2014-05-09T00:10:13","guid":{"rendered":"http:\/\/www.fuldaer-nachrichten.de\/?p=123839"},"modified":"2014-05-08T16:58:53","modified_gmt":"2014-05-08T16:58:53","slug":"klettern-statt-kurvendiskussion-konrad-adenauer-schule-integriert-klettern-umfassend-in-schulisches-angebot","status":"publish","type":"post","link":"https:\/\/www.fuldaernachrichten.de\/?p=123839","title":{"rendered":"Klettern statt Kurvendiskussion &#8211; Konrad-Adenauer-Schule integriert Klettern umfassend in schulisches Angebot"},"content":{"rendered":"<p><a href=\"http:\/\/www.fuldaer-nachrichten.de\/wp-content\/uploads\/2014\/05\/202-Klettern-an-Konrad-Adenauer-Schule1.jpg\"><img fetchpriority=\"high\" decoding=\"async\" class=\"alignnone size-full wp-image-123840\" src=\"http:\/\/www.fuldaer-nachrichten.de\/wp-content\/uploads\/2014\/05\/202-Klettern-an-Konrad-Adenauer-Schule1.jpg\" alt=\"202-Klettern an Konrad-Adenauer-Schule1\" width=\"560\" height=\"357\" \/><\/a><\/p>\n<p>Petersberg. \u201eEs gibt kaum eine andere k\u00f6rperliche Ert\u00fcchtigung, die Sport und Psyche derart toll vereint.\u201c Jens Plur, Sportlehrer an der Konrad-Adenauer-Schule in Petersberg, schw\u00e4rmt in den h\u00f6chsten T\u00f6nen \u00fcber das Kletterangebot der Realschule. Seitdem die Kletterhalle durch die Fuldaer Sektion des Deutschen Alpenvereins mit finanzieller Unterst\u00fctzung durch den Landkreis Fulda auf dem Gel\u00e4nde der Konrad-Adenauer-Schule steht, d\u00fcrfen auch die Sch\u00fclerinnen und Sch\u00fcler in Arbeitsgemeinschaften und im Rahmen von Wahlpflichtunterricht die Trendsportart erlernen.<!--more--><\/p>\n<p>Nicht nur das Klettern selbst, sondern auch Taktik, H\u00f6hentraining und beispielsweise Gesteinskunde stehen auf der Agenda f\u00fcr die Jungs und M\u00e4dchen der Klassen 5 bis 10. Acht Lehrer der Adenauer-Schule haben eine spezielle Ausbildung absolviert und den Gro\u00dfen Kletterschein erworben, um die Sch\u00fcler fachkundig anzuleiten. \u201eBeim Klettern kommt es auf Kraft, Ausdauer, Kondition, Mut und eine gewisse Kletterintelligenz an\u201c, nennt Plur einige entscheidende Faktoren und spricht von einer \u201eeierlegenden Wollmilchsau\u201c. Immerhin ist die Kletterwand 14 Meter hoch. Von hier oben sieht die Welt pl\u00f6tzlich ganz anders aus. Au\u00dferdem wird das Sozialverhalten wie bei nur wenigen anderen Sportarten geschult. \u201eEs ben\u00f6tigt schon einiges an Vertrauen, wenn man am Seil h\u00e4ngt und nur durch einen Mitsch\u00fcler gesichert wird\u201c, betont der Sportlehrer. Auffallend sei die gute Integration aller Sch\u00fcler in die Gruppe, die der Teamgedanke eine.<\/p>\n<p><a href=\"http:\/\/www.fuldaer-nachrichten.de\/wp-content\/uploads\/2014\/05\/202-Klettern-an-Konrad-Adenauer-Schule2.jpg\"><img decoding=\"async\" class=\"alignleft size-thumbnail wp-image-123841\" src=\"http:\/\/www.fuldaer-nachrichten.de\/wp-content\/uploads\/2014\/05\/202-Klettern-an-Konrad-Adenauer-Schule2-265x175.jpg\" alt=\"202-Klettern an Konrad-Adenauer-Schule2\" width=\"265\" height=\"175\" srcset=\"https:\/\/www.fuldaernachrichten.de\/wp-content\/uploads\/2014\/05\/202-Klettern-an-Konrad-Adenauer-Schule2-265x175.jpg 265w, https:\/\/www.fuldaernachrichten.de\/wp-content\/uploads\/2014\/05\/202-Klettern-an-Konrad-Adenauer-Schule2.jpg 600w\" sizes=\"(max-width: 265px) 100vw, 265px\" \/><\/a>Um v\u00f6llig autark zu sein, hat die Schule die komplette erforderliche Ausr\u00fcstung wie Gurtzeug und Sicherungsmaterial angeschafft und stellt diese den Sch\u00fclern kostenfrei zur Verf\u00fcgung. Ein Teil der Routen l\u00e4sst sich mit normalen Turnschuhen begehen, f\u00fcr ambitioniertere Anspr\u00fcche f\u00fchrt an Reibungskletterschuhen kein Weg dran vorbei. Pro \u00dcbungseinheit d\u00fcrfen maximal 15 Kletteranf\u00e4nger teilnehmen; da die AG eine zweite Lehrkraft betreut, ist hier eine h\u00f6here Teilnehmerzahl m\u00f6glich. Insgesamt sei die Nachfrage an den Kursen enorm, so Plur. Ziel ist es deshalb, das Angebot auszubauen \u2013 zwei bis drei Wahlpflichtkurse und zwei Arbeitsgemeinschaften werden angestrebt.<\/p>\n<p>Ein positiver Aspekt besteht darin, dass die Kletterhalle ein extrem gro\u00dfes Spektrum abdeckt. Auf mehr als 1000 Quadratmetern Kletterfl\u00e4che sind rund 130 unterschiedliche Routen bis 18 Meter L\u00e4nge m\u00f6glich, zudem reicht das Schwierigkeitsspektrum von 3 bis 10 \u2013 sogar Deutsche Meisterschaften k\u00f6nnen auf dem Areal problemlos realisiert werden. Die Haupthalle umfasst 690 Quadratmeter, zus\u00e4tzlich steht ein 230 Quadratmeter gro\u00dfer \u00dcbungsbereich parat. Hier k\u00f6nnen die Sch\u00fcler bis 3,50 Meter hoch ohne Sicherung am Seil klettern \u2013 dicke Matten und Weichb\u00f6den federn m\u00f6gliche St\u00fcrze perfekt ab. \u201eDie richtige Sicherung ist ein wichtiges Thema\u201c, erkl\u00e4rt Jens Plur. So lernen die Sch\u00fcler umfassend, wie das Gurtzeug angelegt wird und Griffe und Techniken in Theorie und Praxis aussehen. Zudem bekommt jeder die M\u00f6glichkeit, sein K\u00f6nnen permanent fortzuentwickeln.<\/p>\n<p>Nat\u00fcrlich bietet die Konrad-Adenauer-Schule auch in der Projektwoche das Klettern an. Ehemalige Sch\u00fcler haben so viel Spa\u00df an der Sportart gewonnen, dass sie sich inzwischen in den Deutschen Alpenverein einbringen. Jens Plur schwebt vor, die bisher ohnehin sehr gute Kooperation mit dem Alpenverein auszubauen und eine Schulmeisterschaft ins Leben zu rufen.<\/p>\n<p>\u201eKlettern ist l\u00e4ngst mehr als nur eine Trendsportart\u201c, hebt der Sportlehrer hervor. Den Sch\u00fclern b\u00f6ten sich sofortige Erfolgserlebnisse. Zudem l\u00e4sst sich Klettern sowohl aus reinem Spa\u00df an der Freude als auch wettkampfm\u00e4\u00dfig betreiben. Etwa 5000 bunte Plastikgriffe und -tritte zieren die Wand, die mehrmals pro Jahr versetzt werden, um f\u00fcr Abwechslung zu sorgen. Die genie\u00dfen die Sch\u00fcler der Klassen 5 bis 10 auch so: dank Klettern statt Konjunktiv, Kubikwurzel und Kurvendiskussion.<\/p>\n<p>&nbsp;<\/p>\n<p>&nbsp;<\/p>\n","protected":false},"excerpt":{"rendered":"<div class=\"tmnf_excerpt\"><p>Petersberg. \u201eEs gibt kaum eine andere k\u00f6rperliche Ert\u00fcchtigung, die Sport und Psyche derart toll vereint.\u201c Jens Plur, Sportlehrer an der Konrad-Adenauer-Schule in Petersberg, schw\u00e4rmt in den h\u00f6chsten T\u00f6nen \u00fcber das Kletterangebot der Realschule. Seitdem die Kletterhalle durch die Fuldaer Sektion des Deutschen Alpenvereins mit finanzieller Unterst\u00fctzung durch den Landkreis Fulda auf dem Gel\u00e4nde der Konrad-Adenauer-Schule &hellip;<\/p>\n<\/div>","protected":false},"author":1,"featured_media":0,"comment_status":"closed","ping_status":"closed","sticky":false,"template":"","format":"standard","meta":{"footnotes":""},"categories":[1,53,78],"tags":[],"class_list":["post-123839","post","type-post","status-publish","format-standard","hentry","category-startseite","category-bildung","category-topthema"],"_links":{"self":[{"href":"https:\/\/www.fuldaernachrichten.de\/index.php?rest_route=\/wp\/v2\/posts\/123839","targetHints":{"allow":["GET"]}}],"collection":[{"href":"https:\/\/www.fuldaernachrichten.de\/index.php?rest_route=\/wp\/v2\/posts"}],"about":[{"href":"https:\/\/www.fuldaernachrichten.de\/index.php?rest_route=\/wp\/v2\/types\/post"}],"author":[{"embeddable":true,"href":"https:\/\/www.fuldaernachrichten.de\/index.php?rest_route=\/wp\/v2\/users\/1"}],"replies":[{"embeddable":true,"href":"https:\/\/www.fuldaernachrichten.de\/index.php?rest_route=%2Fwp%2Fv2%2Fcomments&post=123839"}],"version-history":[{"count":1,"href":"https:\/\/www.fuldaernachrichten.de\/index.php?rest_route=\/wp\/v2\/posts\/123839\/revisions"}],"predecessor-version":[{"id":123842,"href":"https:\/\/www.fuldaernachrichten.de\/index.php?rest_route=\/wp\/v2\/posts\/123839\/revisions\/123842"}],"wp:attachment":[{"href":"https:\/\/www.fuldaernachrichten.de\/index.php?rest_route=%2Fwp%2Fv2%2Fmedia&parent=123839"}],"wp:term":[{"taxonomy":"category","embeddable":true,"href":"https:\/\/www.fuldaernachrichten.de\/index.php?rest_route=%2Fwp%2Fv2%2Fcategories&post=123839"},{"taxonomy":"post_tag","embeddable":true,"href":"https:\/\/www.fuldaernachrichten.de\/index.php?rest_route=%2Fwp%2Fv2%2Ftags&post=123839"}],"curies":[{"name":"wp","href":"https:\/\/api.w.org\/{rel}","templated":true}]}}