{"id":12377,"date":"2008-09-30T22:26:41","date_gmt":"2008-09-30T20:26:41","guid":{"rendered":"http:\/\/www.schoene-nachrichten.de\/?p=12377"},"modified":"2008-10-01T22:26:55","modified_gmt":"2008-10-01T20:26:55","slug":"ein-mann-fuer-alle-faelle-gwv-verabschiedete-helmut-schuetz","status":"publish","type":"post","link":"https:\/\/www.fuldaernachrichten.de\/?p=12377","title":{"rendered":"\u201eEin Mann f\u00fcr alle F\u00e4lle\u201c &#8211; GWV verabschiedete Helmut Sch\u00fctz"},"content":{"rendered":"<p><!--[if gte mso 9]><xml> Normal   0         21         false   false   false      DE   X-NONE   X-NONE                                                     MicrosoftInternetExplorer4 <\/xml><![endif]--><!--[if gte mso 9]><xml> <\/xml><![endif]--> <!--[if gte mso 10]>\n\n\n<style>\n&nbsp;\/* Style Definitions *\/\n&nbsp;table.MsoNormalTable\n&nbsp;{mso-style-name:\"Normale Tabelle\";\n&nbsp;mso-tstyle-rowband-size:0;\n&nbsp;mso-tstyle-colband-size:0;\n&nbsp;mso-style-noshow:yes;\n&nbsp;mso-style-priority:99;\n&nbsp;mso-style-qformat:yes;\n&nbsp;mso-style-parent:\"\";\n&nbsp;mso-padding-alt:0cm 5.4pt 0cm 5.4pt;\n&nbsp;mso-para-margin:0cm;\n&nbsp;mso-para-margin-bottom:.0001pt;\n&nbsp;mso-pagination:widow-orphan;\n&nbsp;font-size:11.0pt;\n&nbsp;font-family:\"Calibri\",\"sans-serif\";\n&nbsp;mso-ascii-font-family:Calibri;\n&nbsp;mso-ascii-theme-font:minor-latin;\n&nbsp;mso-fareast-font-family:\"Times New Roman\";\n&nbsp;mso-fareast-theme-font:minor-fareast;\n&nbsp;mso-hansi-font-family:Calibri;\n&nbsp;mso-hansi-theme-font:minor-latin;\n&nbsp;mso-bidi-font-family:\"Times New Roman\";\n&nbsp;mso-bidi-theme-font:minor-bidi;}\n<\/style>\n\n<![endif]--><\/p>\n<p><a rel=\"lightbox[roadtrip]\" href=\"http:\/\/www.schoene-nachrichten.de\/wp-content\/uploads\/2008\/09\/080929-schuetz.jpg\" target=\"_blank\"><img decoding=\"async\" class=\"alignnone size-thumbnail wp-image-12378\" title=\"080929-schuetz\" src=\"http:\/\/www.schoene-nachrichten.de\/wp-content\/uploads\/2008\/09\/080929-schuetz-128x85.jpg\" alt=\"\" hspace=\"5\" width=\"128\" height=\"85\" align=\"left\" \/><\/a><strong>Fulda.<\/strong> Hinter der Bezeichnung \u201eT1&#8243; verbirgt sich bei Gas- und Wasserversorgung Fulda GmbH (GWV) eine hoch leistungsf\u00e4hige Abteilung, die so genannten Technischen Dienste. Die hier eingesetzten Spezialisten haben besonders intensiven Kundenkontakt, und sind immer sofort zur Stelle, wenn an Kundenanlagen etwas optimiert oder repariert werden muss. In die umfangreichen Aufgaben fallen der 24-h-Kundendienst f\u00fcr Erdgasger\u00e4te, die Betreuung und Optimierung von Mess- und Regelanlagen sowie der st\u00f6rungsfreie Betrieb der drei gro\u00dfen Nahw\u00e4rmezentralen und der vier Erdgastankstellen in Osthessen.<!--[if gte mso 9]><xml> Normal   0         21         false   false   false      DE   X-NONE   X-NONE                                                     MicrosoftInternetExplorer4 <\/xml><![endif]--><!--[if gte mso 9]><xml> <\/xml><![endif]--> <!--[if gte mso 10]>\n\n\n<style>\n&nbsp;\/* Style Definitions *\/\n&nbsp;table.MsoNormalTable\n&nbsp;{mso-style-name:\"Normale Tabelle\";\n&nbsp;mso-tstyle-rowband-size:0;\n&nbsp;mso-tstyle-colband-size:0;\n&nbsp;mso-style-noshow:yes;\n&nbsp;mso-style-priority:99;\n&nbsp;mso-style-qformat:yes;\n&nbsp;mso-style-parent:\"\";\n&nbsp;mso-padding-alt:0cm 5.4pt 0cm 5.4pt;\n&nbsp;mso-para-margin:0cm;\n&nbsp;mso-para-margin-bottom:.0001pt;\n&nbsp;mso-pagination:widow-orphan;\n&nbsp;font-size:11.0pt;\n&nbsp;font-family:\"Calibri\",\"sans-serif\";\n&nbsp;mso-ascii-font-family:Calibri;\n&nbsp;mso-ascii-theme-font:minor-latin;\n&nbsp;mso-fareast-font-family:\"Times New Roman\";\n&nbsp;mso-fareast-theme-font:minor-fareast;\n&nbsp;mso-hansi-font-family:Calibri;\n&nbsp;mso-hansi-theme-font:minor-latin;\n&nbsp;mso-bidi-font-family:\"Times New Roman\";\n&nbsp;mso-bidi-theme-font:minor-bidi;}\n<\/style>\n\n<![endif]-->Helmut Sch\u00fctz leitete diese Abteilung \u00fcber 15 Jahre lang verantwortlich und wurde k\u00fcrzlich in den Ruhestand verabschiedet. (Bild: Helmut Sch\u00fctz in der Bildmitte)<!--more--><!--[if gte mso 9]><xml> Normal   0         21         false   false   false      DE   X-NONE   X-NONE                                                     MicrosoftInternetExplorer4 <\/xml><![endif]--><!--[if gte mso 9]><xml> <\/xml><![endif]--> <!--[if gte mso 10]>\n\n\n<style>\n \/* Style Definitions *\/\n table.MsoNormalTable\n\t{mso-style-name:\"Normale Tabelle\";\n\tmso-tstyle-rowband-size:0;\n\tmso-tstyle-colband-size:0;\n\tmso-style-noshow:yes;\n\tmso-style-priority:99;\n\tmso-style-qformat:yes;\n\tmso-style-parent:\"\";\n\tmso-padding-alt:0cm 5.4pt 0cm 5.4pt;\n\tmso-para-margin:0cm;\n\tmso-para-margin-bottom:.0001pt;\n\tmso-pagination:widow-orphan;\n\tfont-size:11.0pt;\n\tfont-family:\"Calibri\",\"sans-serif\";\n\tmso-ascii-font-family:Calibri;\n\tmso-ascii-theme-font:minor-latin;\n\tmso-fareast-font-family:\"Times New Roman\";\n\tmso-fareast-theme-font:minor-fareast;\n\tmso-hansi-font-family:Calibri;\n\tmso-hansi-theme-font:minor-latin;\n\tmso-bidi-font-family:\"Times New Roman\";\n\tmso-bidi-theme-font:minor-bidi;}\n<\/style>\n\n<![endif]--><\/p>\n<p>\u201eBei unseren Kunden, ob Haushalt oder Gewerbe, bei Lieferanten und Handwerkern und nicht zuletzt bei Ihren Kollegen waren Sie eine fachliche und pers\u00f6nliche Autorit\u00e4t&#8221;, w\u00fcrdigte GWV-Chef Dr. Peter Szepanek die Verdienste des langj\u00e4hrigen leitenden Mitarbeiters und Handlungsbevollm\u00e4chtigten. \u201eUnter Ihrer F\u00fchrung lief alles so gut, dass wir uns in der Gesch\u00e4ftsleitung bremsen mussten, Ihnen nicht immer noch mehr aufzub\u00fcrden. Sie waren eben unser Mann f\u00fcr alle F\u00e4lle.&#8221;<\/p>\n<p>Helmut Sch\u00fctz erlernte den Beruf des Maschinenschlossers, bevor er 1973 in die Dienste der GWV trat. Aufgrund seiner st\u00e4ndigen Bereitschaft, sich Neuem zu \u00f6ffnen und sich weiterzubilden, begann dann eine beispiellose Karriere bei GWV. Auf eigene Initiative legte er die Meisterpr\u00fcfung als Gas- und Wasserinstallateur ab und war dann ab 1987 &#8211; zun\u00e4chst f\u00fcr ein Jahr kommissarisch &#8211; verantwortlicher Meister f\u00fcr den Kundendienst.<\/p>\n<p>1993 meisterte er eine weitere Stufe auf der Karriereleiter und \u00fcbernahm als Abteilungsleiter die Verantwortung f\u00fcr den gesamten Bereich der Technischen Dienste.<\/p>\n<p>Er war 13 Jahre lang Mitglied des Betriebsrats der GWV, davon 10 Jahre als dessen Vorsitzender. Zudem bestimmte er als Arbeitnehmervertreter im Aufsichtsrat jahrelang die Geschicke des Gesamtunternehmens mit. 20 Jahre lang vertrat er das Unternehmen im Installateur-Ausschuss. Dieser hat die wichtige Aufgabe der Koordinierung und Qualit\u00e4tssicherung und besch\u00e4ftigt sich u. a. mit Fragen der Zulassung und Sicherheit von Erdgas- und Trinkwasser-Installationen.<\/p>\n<p>In einer betrieblichen Feierstunde w\u00fcrdigten mehrere Redner die umfassende Kompetenz, das \u00fcberdurchschnittliche Engagement und die \u201ev\u00e4terliche Aufsicht und F\u00fcrsorge&#8221; des scheidenden Kollegen. F\u00fcr seine Zeit im Ruhestand w\u00fcnschten die Redner alles Gute. Die Leitung der Abteilung \u00fcbernahm inzwischen Dipl. Ing. Karl Belz.<\/p>\n","protected":false},"excerpt":{"rendered":"<div class=\"tmnf_excerpt\"><p>Fulda. Hinter der Bezeichnung \u201eT1&#8243; verbirgt sich bei Gas- und Wasserversorgung Fulda GmbH (GWV) eine hoch leistungsf\u00e4hige Abteilung, die so genannten Technischen Dienste. Die hier eingesetzten Spezialisten haben besonders intensiven Kundenkontakt, und sind immer sofort zur Stelle, wenn an Kundenanlagen etwas optimiert oder repariert werden muss. In die umfangreichen Aufgaben fallen der 24-h-Kundendienst f\u00fcr Erdgasger\u00e4te, &hellip;<\/p>\n<\/div>","protected":false},"author":1,"featured_media":0,"comment_status":"closed","ping_status":"closed","sticky":false,"template":"","format":"standard","meta":{"footnotes":""},"categories":[1],"tags":[],"class_list":["post-12377","post","type-post","status-publish","format-standard","hentry","category-startseite"],"_links":{"self":[{"href":"https:\/\/www.fuldaernachrichten.de\/index.php?rest_route=\/wp\/v2\/posts\/12377","targetHints":{"allow":["GET"]}}],"collection":[{"href":"https:\/\/www.fuldaernachrichten.de\/index.php?rest_route=\/wp\/v2\/posts"}],"about":[{"href":"https:\/\/www.fuldaernachrichten.de\/index.php?rest_route=\/wp\/v2\/types\/post"}],"author":[{"embeddable":true,"href":"https:\/\/www.fuldaernachrichten.de\/index.php?rest_route=\/wp\/v2\/users\/1"}],"replies":[{"embeddable":true,"href":"https:\/\/www.fuldaernachrichten.de\/index.php?rest_route=%2Fwp%2Fv2%2Fcomments&post=12377"}],"version-history":[{"count":0,"href":"https:\/\/www.fuldaernachrichten.de\/index.php?rest_route=\/wp\/v2\/posts\/12377\/revisions"}],"wp:attachment":[{"href":"https:\/\/www.fuldaernachrichten.de\/index.php?rest_route=%2Fwp%2Fv2%2Fmedia&parent=12377"}],"wp:term":[{"taxonomy":"category","embeddable":true,"href":"https:\/\/www.fuldaernachrichten.de\/index.php?rest_route=%2Fwp%2Fv2%2Fcategories&post=12377"},{"taxonomy":"post_tag","embeddable":true,"href":"https:\/\/www.fuldaernachrichten.de\/index.php?rest_route=%2Fwp%2Fv2%2Ftags&post=12377"}],"curies":[{"name":"wp","href":"https:\/\/api.w.org\/{rel}","templated":true}]}}