{"id":12374,"date":"2008-10-04T14:14:52","date_gmt":"2008-10-04T12:14:52","guid":{"rendered":"http:\/\/www.schoene-nachrichten.de\/?p=12374"},"modified":"2008-10-04T14:14:52","modified_gmt":"2008-10-04T12:14:52","slug":"was-erzaehlen-uns-kraeuter-und-baeume-ueber-erdstrahlen","status":"publish","type":"post","link":"https:\/\/www.fuldaernachrichten.de\/?p=12374","title":{"rendered":"Was erz\u00e4hlen uns Kr\u00e4uter und B\u00e4ume \u00fcber Erdstrahlen?"},"content":{"rendered":"<p><strong>Fulda\/Rh\u00f6n. <\/strong>Sie haben L\u00f6cher in den Hecken, der Apfelbaum biegt sich um, dreht sich herum, die Birne beherbergt eine Mistel, Kamille bl\u00fcht, Spitzwegerich w\u00e4chst, &#8211; was hat dies alles mit Wasser im Untergrund zu tun? Das Biosph\u00e4renreservat Rh\u00f6n und die Apothekerin sowie Buchautorin Gerhild Elisabeth Birmann-D\u00e4hne laden zu dieser Veranstaltung am<strong> Samstag, 11.  Oktober 2008 um 17.00 Uhr <\/strong>ein. Treffpunkt ist der Parkplatz <strong>Florenberg<\/strong>\/Fulda. Man kann an diesem besonderen Ort viele Besonderheiten sehen. Kosten pro Person 7,00 \u00e2\u201a\u00ac. Um Anmeldung wird gebeten unter Tel. 06656-503271.<\/p>\n","protected":false},"excerpt":{"rendered":"<div class=\"tmnf_excerpt\"><p>Fulda\/Rh\u00f6n. Sie haben L\u00f6cher in den Hecken, der Apfelbaum biegt sich um, dreht sich herum, die Birne beherbergt eine Mistel, Kamille bl\u00fcht, Spitzwegerich w\u00e4chst, &#8211; was hat dies alles mit Wasser im Untergrund zu tun? Das Biosph\u00e4renreservat Rh\u00f6n und die Apothekerin sowie Buchautorin Gerhild Elisabeth Birmann-D\u00e4hne laden zu dieser Veranstaltung am Samstag, 11. Oktober 2008 &hellip;<\/p>\n<\/div>","protected":false},"author":1,"featured_media":0,"comment_status":"closed","ping_status":"closed","sticky":false,"template":"","format":"standard","meta":{"footnotes":""},"categories":[1,52],"tags":[],"class_list":["post-12374","post","type-post","status-publish","format-standard","hentry","category-startseite","category-umwelt"],"_links":{"self":[{"href":"https:\/\/www.fuldaernachrichten.de\/index.php?rest_route=\/wp\/v2\/posts\/12374","targetHints":{"allow":["GET"]}}],"collection":[{"href":"https:\/\/www.fuldaernachrichten.de\/index.php?rest_route=\/wp\/v2\/posts"}],"about":[{"href":"https:\/\/www.fuldaernachrichten.de\/index.php?rest_route=\/wp\/v2\/types\/post"}],"author":[{"embeddable":true,"href":"https:\/\/www.fuldaernachrichten.de\/index.php?rest_route=\/wp\/v2\/users\/1"}],"replies":[{"embeddable":true,"href":"https:\/\/www.fuldaernachrichten.de\/index.php?rest_route=%2Fwp%2Fv2%2Fcomments&post=12374"}],"version-history":[{"count":0,"href":"https:\/\/www.fuldaernachrichten.de\/index.php?rest_route=\/wp\/v2\/posts\/12374\/revisions"}],"wp:attachment":[{"href":"https:\/\/www.fuldaernachrichten.de\/index.php?rest_route=%2Fwp%2Fv2%2Fmedia&parent=12374"}],"wp:term":[{"taxonomy":"category","embeddable":true,"href":"https:\/\/www.fuldaernachrichten.de\/index.php?rest_route=%2Fwp%2Fv2%2Fcategories&post=12374"},{"taxonomy":"post_tag","embeddable":true,"href":"https:\/\/www.fuldaernachrichten.de\/index.php?rest_route=%2Fwp%2Fv2%2Ftags&post=12374"}],"curies":[{"name":"wp","href":"https:\/\/api.w.org\/{rel}","templated":true}]}}