{"id":123693,"date":"2014-05-07T05:53:26","date_gmt":"2014-05-07T05:53:26","guid":{"rendered":"http:\/\/www.fuldaer-nachrichten.de\/?p=123693"},"modified":"2014-05-07T05:53:26","modified_gmt":"2014-05-07T05:53:26","slug":"grosse-spargel-schael-aktion-fuer-den-foerderverein-kaenguruh-und-fuer-seestern-im-klinikum-fulda","status":"publish","type":"post","link":"https:\/\/www.fuldaernachrichten.de\/?p=123693","title":{"rendered":"Gro\u00dfe Spargel-Sch\u00e4l-Aktion f\u00fcr den F\u00f6rderverein K\u00e4nguruh und  f\u00fcr Seestern im Klinikum Fulda"},"content":{"rendered":"<p>Fulda. Am Freitag, 16.05.2014 veranstaltet das Klinikum Fulda von 10.30 bis 14.00 Uhr eine Spargel-Aktion in der ehemaligen Eingangshalle. Nach den gro\u00dfen Erfolgen der Spargel-Aktion in den vergangenen Jahren bietet auch in diesem Jahr das K\u00fcchenteam des Klinikums Fulda Spargel aus Deutschland zu besonders g\u00fcnstigen Konditionen an. Auf Wunsch wird der Spargel auch vor Ort gesch\u00e4lt. Der Preis liegt im Ermessen des Einzelnen, d.h. jeder bezahlt f\u00fcr das Sch\u00e4len was er m\u00f6chte. Zudem wird eine Spargelcremsuppe angeboten, die im Foyer des Klinikums verk\u00f6stigt werden kann. Auch hierf\u00fcr darf jeder nach seinem Ermessen zahlen. Alle sind herzlich eingeladen! Der Erl\u00f6s der Spargel-Aktion kommt dem F\u00f6rderverein K\u00e4nguruh e.V. sowie Seestern e.V. zu Gute.<\/p>\n","protected":false},"excerpt":{"rendered":"<div class=\"tmnf_excerpt\"><p>Fulda. Am Freitag, 16.05.2014 veranstaltet das Klinikum Fulda von 10.30 bis 14.00 Uhr eine Spargel-Aktion in der ehemaligen Eingangshalle. Nach den gro\u00dfen Erfolgen der Spargel-Aktion in den vergangenen Jahren bietet auch in diesem Jahr das K\u00fcchenteam des Klinikums Fulda Spargel aus Deutschland zu besonders g\u00fcnstigen Konditionen an. Auf Wunsch wird der Spargel auch vor Ort &hellip;<\/p>\n<\/div>","protected":false},"author":1,"featured_media":0,"comment_status":"closed","ping_status":"closed","sticky":false,"template":"","format":"standard","meta":{"footnotes":""},"categories":[1,37],"tags":[],"class_list":["post-123693","post","type-post","status-publish","format-standard","hentry","category-startseite","category-essen-und-trinken"],"_links":{"self":[{"href":"https:\/\/www.fuldaernachrichten.de\/index.php?rest_route=\/wp\/v2\/posts\/123693","targetHints":{"allow":["GET"]}}],"collection":[{"href":"https:\/\/www.fuldaernachrichten.de\/index.php?rest_route=\/wp\/v2\/posts"}],"about":[{"href":"https:\/\/www.fuldaernachrichten.de\/index.php?rest_route=\/wp\/v2\/types\/post"}],"author":[{"embeddable":true,"href":"https:\/\/www.fuldaernachrichten.de\/index.php?rest_route=\/wp\/v2\/users\/1"}],"replies":[{"embeddable":true,"href":"https:\/\/www.fuldaernachrichten.de\/index.php?rest_route=%2Fwp%2Fv2%2Fcomments&post=123693"}],"version-history":[{"count":2,"href":"https:\/\/www.fuldaernachrichten.de\/index.php?rest_route=\/wp\/v2\/posts\/123693\/revisions"}],"predecessor-version":[{"id":123772,"href":"https:\/\/www.fuldaernachrichten.de\/index.php?rest_route=\/wp\/v2\/posts\/123693\/revisions\/123772"}],"wp:attachment":[{"href":"https:\/\/www.fuldaernachrichten.de\/index.php?rest_route=%2Fwp%2Fv2%2Fmedia&parent=123693"}],"wp:term":[{"taxonomy":"category","embeddable":true,"href":"https:\/\/www.fuldaernachrichten.de\/index.php?rest_route=%2Fwp%2Fv2%2Fcategories&post=123693"},{"taxonomy":"post_tag","embeddable":true,"href":"https:\/\/www.fuldaernachrichten.de\/index.php?rest_route=%2Fwp%2Fv2%2Ftags&post=123693"}],"curies":[{"name":"wp","href":"https:\/\/api.w.org\/{rel}","templated":true}]}}