{"id":123681,"date":"2014-05-06T00:09:48","date_gmt":"2014-05-06T00:09:48","guid":{"rendered":"http:\/\/www.fuldaer-nachrichten.de\/?p=123681"},"modified":"2014-05-05T16:31:04","modified_gmt":"2014-05-05T16:31:04","slug":"gemeinsam-das-doppelte-jubilaeum-gefeiert-grosses-festprogramm-fuer-schulgemeinde-und-ehemalige-auf-schloss-bieberstein","status":"publish","type":"post","link":"https:\/\/www.fuldaernachrichten.de\/?p=123681","title":{"rendered":"Gemeinsam das doppelte Jubil\u00e4um gefeiert &#8211; Gro\u00dfes Festprogramm f\u00fcr Schulgemeinde und Ehemalige auf Schloss Bieberstein"},"content":{"rendered":"<p><a href=\"http:\/\/www.fuldaer-nachrichten.de\/wp-content\/uploads\/2014\/05\/Abschlussfoto.jpg\"><img fetchpriority=\"high\" decoding=\"async\" class=\"alignnone size-full wp-image-123684\" src=\"http:\/\/www.fuldaer-nachrichten.de\/wp-content\/uploads\/2014\/05\/Abschlussfoto.jpg\" alt=\"Abschlussfoto\" width=\"560\" height=\"360\" \/><\/a><\/p>\n<p><strong>Bieberstein<\/strong>. Mit einem gro\u00dfen Fest, das gemeinsam von Sch\u00fclern, Kollegium, Mitarbeitern und den Ehemaligen, den so genannten \u201eAltb\u00fcrgern\u201c, gestaltet wurde, endete die Jubil\u00e4umswoche auf Schloss Bieberstein: Vor 300 Jahren wurde das Barockschloss gebaut, seit 110 Jahren ist die Hermann-Lietz-Schule in den historischen Gem\u00e4uern beheimatet. G\u00e4ste und Sch\u00fcler nutzten die Festwoche, um unter anderem einen internationalen Tag zu feiern, anl\u00e4sslich eines \u201eTages der offenen T\u00fcr\u201c die R\u00e4umlichkeiten des Internats zu besichtigen, in die T\u00f6pfergilde und Goldschmiede hineinzuschauen, Fu\u00dfball oder Golf zu spielen. Eingeweiht wurde der Beach-Volleyballplatz und in der \u201eTeestube\u201c trafen sich Ehemalige gemeinsam mit vielen der aktuell 125 Sch\u00fcler, um sich \u00fcber die Schulzeit damals und heute auszutauschen. Besonderer H\u00f6hepunkt bildete das Entz\u00fcnden des traditionellen Lietz-Feuers, dem alle G\u00e4ste und Bewohner von Bieberstein beiwohnten. Ausklang bildete ein gro\u00dfer Brunch und ein gleicherma\u00dfen kurzweiliger wie aufschlussreicher Vortrag \u00fcber das Bildungsjahr auf Bieberstein, das deutschlandweit einmalig ist und den \u00dcbergang von G9 auf G8 erleichtert.<\/p>\n<p><a href=\"http:\/\/www.fuldaer-nachrichten.de\/wp-content\/uploads\/2014\/05\/Golf.jpg\"><img decoding=\"async\" class=\"alignnone size-thumbnail wp-image-123682\" src=\"http:\/\/www.fuldaer-nachrichten.de\/wp-content\/uploads\/2014\/05\/Golf-265x177.jpg\" alt=\"Golf\" width=\"265\" height=\"177\" srcset=\"https:\/\/www.fuldaernachrichten.de\/wp-content\/uploads\/2014\/05\/Golf-265x177.jpg 265w, https:\/\/www.fuldaernachrichten.de\/wp-content\/uploads\/2014\/05\/Golf.jpg 600w\" sizes=\"(max-width: 265px) 100vw, 265px\" \/><\/a><a href=\"http:\/\/www.fuldaer-nachrichten.de\/wp-content\/uploads\/2014\/05\/Erz\u00e4hl-Abend.jpg\"><img decoding=\"async\" class=\"alignnone size-thumbnail wp-image-123683\" src=\"http:\/\/www.fuldaer-nachrichten.de\/wp-content\/uploads\/2014\/05\/Erz\u00e4hl-Abend-265x177.jpg\" alt=\"Erz\u00e4hl-Abend\" width=\"265\" height=\"177\" \/><\/a><\/p>\n<p><a href=\"http:\/\/www.fuldaer-nachrichten.de\/wp-content\/uploads\/2014\/05\/Klettern.jpg\"><img loading=\"lazy\" decoding=\"async\" class=\"alignnone size-thumbnail wp-image-123685\" src=\"http:\/\/www.fuldaer-nachrichten.de\/wp-content\/uploads\/2014\/05\/Klettern-265x175.jpg\" alt=\"Klettern\" width=\"265\" height=\"175\" srcset=\"https:\/\/www.fuldaernachrichten.de\/wp-content\/uploads\/2014\/05\/Klettern-265x175.jpg 265w, https:\/\/www.fuldaernachrichten.de\/wp-content\/uploads\/2014\/05\/Klettern.jpg 600w\" sizes=\"(max-width: 265px) 100vw, 265px\" \/><\/a><a href=\"http:\/\/www.fuldaer-nachrichten.de\/wp-content\/uploads\/2014\/05\/Fu\u00dfball.jpg\"><img loading=\"lazy\" decoding=\"async\" class=\"alignnone size-thumbnail wp-image-123686\" src=\"http:\/\/www.fuldaer-nachrichten.de\/wp-content\/uploads\/2014\/05\/Fu\u00dfball-265x177.jpg\" alt=\"Fu\u00dfball\" width=\"265\" height=\"177\" \/><\/a><\/p>\n","protected":false},"excerpt":{"rendered":"<div class=\"tmnf_excerpt\"><p>Bieberstein. Mit einem gro\u00dfen Fest, das gemeinsam von Sch\u00fclern, Kollegium, Mitarbeitern und den Ehemaligen, den so genannten \u201eAltb\u00fcrgern\u201c, gestaltet wurde, endete die Jubil\u00e4umswoche auf Schloss Bieberstein: Vor 300 Jahren wurde das Barockschloss gebaut, seit 110 Jahren ist die Hermann-Lietz-Schule in den historischen Gem\u00e4uern beheimatet. G\u00e4ste und Sch\u00fcler nutzten die Festwoche, um unter anderem einen internationalen &hellip;<\/p>\n<\/div>","protected":false},"author":1,"featured_media":0,"comment_status":"closed","ping_status":"closed","sticky":false,"template":"","format":"standard","meta":{"footnotes":""},"categories":[1,53,78],"tags":[],"class_list":["post-123681","post","type-post","status-publish","format-standard","hentry","category-startseite","category-bildung","category-topthema"],"_links":{"self":[{"href":"https:\/\/www.fuldaernachrichten.de\/index.php?rest_route=\/wp\/v2\/posts\/123681","targetHints":{"allow":["GET"]}}],"collection":[{"href":"https:\/\/www.fuldaernachrichten.de\/index.php?rest_route=\/wp\/v2\/posts"}],"about":[{"href":"https:\/\/www.fuldaernachrichten.de\/index.php?rest_route=\/wp\/v2\/types\/post"}],"author":[{"embeddable":true,"href":"https:\/\/www.fuldaernachrichten.de\/index.php?rest_route=\/wp\/v2\/users\/1"}],"replies":[{"embeddable":true,"href":"https:\/\/www.fuldaernachrichten.de\/index.php?rest_route=%2Fwp%2Fv2%2Fcomments&post=123681"}],"version-history":[{"count":1,"href":"https:\/\/www.fuldaernachrichten.de\/index.php?rest_route=\/wp\/v2\/posts\/123681\/revisions"}],"predecessor-version":[{"id":123687,"href":"https:\/\/www.fuldaernachrichten.de\/index.php?rest_route=\/wp\/v2\/posts\/123681\/revisions\/123687"}],"wp:attachment":[{"href":"https:\/\/www.fuldaernachrichten.de\/index.php?rest_route=%2Fwp%2Fv2%2Fmedia&parent=123681"}],"wp:term":[{"taxonomy":"category","embeddable":true,"href":"https:\/\/www.fuldaernachrichten.de\/index.php?rest_route=%2Fwp%2Fv2%2Fcategories&post=123681"},{"taxonomy":"post_tag","embeddable":true,"href":"https:\/\/www.fuldaernachrichten.de\/index.php?rest_route=%2Fwp%2Fv2%2Ftags&post=123681"}],"curies":[{"name":"wp","href":"https:\/\/api.w.org\/{rel}","templated":true}]}}