{"id":123654,"date":"2014-05-06T00:10:19","date_gmt":"2014-05-06T00:10:19","guid":{"rendered":"http:\/\/www.fuldaer-nachrichten.de\/?p=123654"},"modified":"2014-05-05T14:25:48","modified_gmt":"2014-05-05T14:25:48","slug":"investition-mit-weitblick-die-neue-terrasse-im-favorite-restaurant-ist-fertig","status":"publish","type":"post","link":"https:\/\/www.fuldaernachrichten.de\/?p=123654","title":{"rendered":"Investition mit Weitblick &#8211; Die neue Terrasse im Favorite Restaurant ist fertig"},"content":{"rendered":"<p><a href=\"http:\/\/www.fuldaer-nachrichten.de\/wp-content\/uploads\/2014\/05\/Terrasse-Favorite-Restaurant_eingedeckt_low_by-Torsten-Zimmermann.jpg\"><img decoding=\"async\" class=\"alignleft size-thumbnail wp-image-123655\" src=\"http:\/\/www.fuldaer-nachrichten.de\/wp-content\/uploads\/2014\/05\/Terrasse-Favorite-Restaurant_eingedeckt_low_by-Torsten-Zimmermann-265x176.jpg\" alt=\"Terrasse Favorite Restaurant_eingedeckt_low_by Torsten Zimmermann\" width=\"265\" height=\"176\" srcset=\"https:\/\/www.fuldaernachrichten.de\/wp-content\/uploads\/2014\/05\/Terrasse-Favorite-Restaurant_eingedeckt_low_by-Torsten-Zimmermann-265x176.jpg 265w, https:\/\/www.fuldaernachrichten.de\/wp-content\/uploads\/2014\/05\/Terrasse-Favorite-Restaurant_eingedeckt_low_by-Torsten-Zimmermann.jpg 600w\" sizes=\"(max-width: 265px) 100vw, 265px\" \/><\/a>Mainz. Den vielleicht sch\u00f6nsten Blick auf die Stadt und den Rhein &#8211; Philipp Stein, K\u00fcchenchef im Favorite Restaurant, und sein Team k\u00f6nnen ihn jetzt t\u00e4glich genie\u00dfen. Mit der neuen Terrasse f\u00fcr das weit \u00fcber Mainz hinaus bekannte Gourmet Restaurant hat Christian Barth, Chef und Motor des Favorite Parkhotels, wieder einmal Weitblick bewiesen. Schon l\u00e4ngere Zeit trug er sich mit dem Gedanken, die Terrasse vor dem Favorite Restaurant zu erweitern und neu zu gestalten. Jetzt hat er seine Idee in die Tat umgesetzt und ein Paradies f\u00fcr Genie\u00dfer geschaffen.<!--more--><\/p>\n<p>Rund EUR 300.000,- lie\u00df er sich den Spa\u00df kosten. Beauftragt wurden &#8211; wie das bei den Barths Sitte ist &#8211; Mainzer Unternehmen wie die Firmen Gem\u00fcnden, Lehr und Neger. Als Architekt war Ludwig Mann im Einsatz. Achtundvierzig Pl\u00e4tze verteilen sich auf einer Grundfl\u00e4che von 140 qm. Alle M\u00f6bel sind neu und entsprechen in ihrer gekonnten Auswahl den Bed\u00fcrfnissen der G\u00e4ste von heute und morgen.<\/p>\n<p>Neben &#8220;normalen&#8221; Tischen und Sitzgelegenheiten gibt es auch Lounge M\u00f6bel und kommunikative Br\u00fcckentische, an denen der Ap\u00e9ro gereicht werden oder zu sp\u00e4ter Stunde noch ein Absacker getrunken werden kann. &#8220;Mit der neuen Terrasse entsprechen wir auch den W\u00fcnschen unserer Stammg\u00e4ste, die hier jetzt ungest\u00f6rt ganz unter sich verweilen k\u00f6nnen. Die Zeit war reif f\u00fcr diese Investition. Jetzt hat das Favorite Restaurant endlich seine eigene, schicke Terrasse&#8221;, sagt Christian Barth.<\/p>\n<p>Weitere Infos und Reservierungen unter Tel. 06131 80 15 60 oder per e-mail unter gastronomie@favorite-mainz.de<\/p>\n","protected":false},"excerpt":{"rendered":"<div class=\"tmnf_excerpt\"><p>Mainz. Den vielleicht sch\u00f6nsten Blick auf die Stadt und den Rhein &#8211; Philipp Stein, K\u00fcchenchef im Favorite Restaurant, und sein Team k\u00f6nnen ihn jetzt t\u00e4glich genie\u00dfen. Mit der neuen Terrasse f\u00fcr das weit \u00fcber Mainz hinaus bekannte Gourmet Restaurant hat Christian Barth, Chef und Motor des Favorite Parkhotels, wieder einmal Weitblick bewiesen. Schon l\u00e4ngere Zeit &hellip;<\/p>\n<\/div>","protected":false},"author":1,"featured_media":0,"comment_status":"closed","ping_status":"closed","sticky":false,"template":"","format":"standard","meta":{"footnotes":""},"categories":[1,37],"tags":[],"class_list":["post-123654","post","type-post","status-publish","format-standard","hentry","category-startseite","category-essen-und-trinken"],"_links":{"self":[{"href":"https:\/\/www.fuldaernachrichten.de\/index.php?rest_route=\/wp\/v2\/posts\/123654","targetHints":{"allow":["GET"]}}],"collection":[{"href":"https:\/\/www.fuldaernachrichten.de\/index.php?rest_route=\/wp\/v2\/posts"}],"about":[{"href":"https:\/\/www.fuldaernachrichten.de\/index.php?rest_route=\/wp\/v2\/types\/post"}],"author":[{"embeddable":true,"href":"https:\/\/www.fuldaernachrichten.de\/index.php?rest_route=\/wp\/v2\/users\/1"}],"replies":[{"embeddable":true,"href":"https:\/\/www.fuldaernachrichten.de\/index.php?rest_route=%2Fwp%2Fv2%2Fcomments&post=123654"}],"version-history":[{"count":1,"href":"https:\/\/www.fuldaernachrichten.de\/index.php?rest_route=\/wp\/v2\/posts\/123654\/revisions"}],"predecessor-version":[{"id":123656,"href":"https:\/\/www.fuldaernachrichten.de\/index.php?rest_route=\/wp\/v2\/posts\/123654\/revisions\/123656"}],"wp:attachment":[{"href":"https:\/\/www.fuldaernachrichten.de\/index.php?rest_route=%2Fwp%2Fv2%2Fmedia&parent=123654"}],"wp:term":[{"taxonomy":"category","embeddable":true,"href":"https:\/\/www.fuldaernachrichten.de\/index.php?rest_route=%2Fwp%2Fv2%2Fcategories&post=123654"},{"taxonomy":"post_tag","embeddable":true,"href":"https:\/\/www.fuldaernachrichten.de\/index.php?rest_route=%2Fwp%2Fv2%2Ftags&post=123654"}],"curies":[{"name":"wp","href":"https:\/\/api.w.org\/{rel}","templated":true}]}}