{"id":123632,"date":"2014-05-06T00:11:46","date_gmt":"2014-05-06T00:11:46","guid":{"rendered":"http:\/\/www.fuldaer-nachrichten.de\/?p=123632"},"modified":"2014-05-05T14:09:08","modified_gmt":"2014-05-05T14:09:08","slug":"caritas-seniorenreise-geht-nach-bad-krozingen-im-warmen-suedwesten","status":"publish","type":"post","link":"https:\/\/www.fuldaernachrichten.de\/?p=123632","title":{"rendered":"Caritas-Seniorenreise geht nach Bad Krozingen im warmen S\u00fcdwesten"},"content":{"rendered":"<p><strong><a href=\"http:\/\/www.fuldaer-nachrichten.de\/wp-content\/uploads\/2014\/05\/zu-31-cs_BadKrozingen-Kurpark_pressebd0414.jpg\"><img fetchpriority=\"high\" decoding=\"async\" class=\"alignleft size-thumbnail wp-image-123633\" src=\"http:\/\/www.fuldaer-nachrichten.de\/wp-content\/uploads\/2014\/05\/zu-31-cs_BadKrozingen-Kurpark_pressebd0414-265x198.jpg\" alt=\"zu 31-cs_BadKrozingen-Kurpark_pressebd0414\" width=\"265\" height=\"198\" srcset=\"https:\/\/www.fuldaernachrichten.de\/wp-content\/uploads\/2014\/05\/zu-31-cs_BadKrozingen-Kurpark_pressebd0414-265x198.jpg 265w, https:\/\/www.fuldaernachrichten.de\/wp-content\/uploads\/2014\/05\/zu-31-cs_BadKrozingen-Kurpark_pressebd0414.jpg 600w\" sizes=\"(max-width: 265px) 100vw, 265px\" \/><\/a>Fulda (cif).<\/strong> Ende Juli lockt das Markgr\u00e4flerland mit seinem s\u00fcddeutschen Flair und sch\u00f6nster sommerlicher Atmosph\u00e4re: Die Caritas Fulda bietet eine Seniorenreise vom 23. Juli bis 1. August nach Bad Krozingen nahe Freiburg im Breisgau. Interessierte zur Teilnahme an dieser oder anderer Caritas-Seniorenreisen melden sich f\u00fcr R\u00fcckfragen, Reiseprogrammausk\u00fcnfte und Anmeldung beim Caritasverband f\u00fcr die Di\u00f6zese Fulda e.V., Wilhelmstra\u00dfe 2, 36037 Fulda, Tel.: 0661\/2428-131 oder per Mail unter <a href=\"mailto:monika.kuhnke@caritas-fulda.de\">monika.kuhnke@caritas-fulda.de<\/a>. Anmeldungen zur Reise nach Bad Krozingen sind bis 26. Mai m\u00f6glich.<\/p>\n","protected":false},"excerpt":{"rendered":"<div class=\"tmnf_excerpt\"><p>Fulda (cif). Ende Juli lockt das Markgr\u00e4flerland mit seinem s\u00fcddeutschen Flair und sch\u00f6nster sommerlicher Atmosph\u00e4re: Die Caritas Fulda bietet eine Seniorenreise vom 23. Juli bis 1. August nach Bad Krozingen nahe Freiburg im Breisgau. Interessierte zur Teilnahme an dieser oder anderer Caritas-Seniorenreisen melden sich f\u00fcr R\u00fcckfragen, Reiseprogrammausk\u00fcnfte und Anmeldung beim Caritasverband f\u00fcr die Di\u00f6zese Fulda &hellip;<\/p>\n<\/div>","protected":false},"author":1,"featured_media":0,"comment_status":"closed","ping_status":"closed","sticky":false,"template":"","format":"standard","meta":{"footnotes":""},"categories":[1,52],"tags":[],"class_list":["post-123632","post","type-post","status-publish","format-standard","hentry","category-startseite","category-umwelt"],"_links":{"self":[{"href":"https:\/\/www.fuldaernachrichten.de\/index.php?rest_route=\/wp\/v2\/posts\/123632","targetHints":{"allow":["GET"]}}],"collection":[{"href":"https:\/\/www.fuldaernachrichten.de\/index.php?rest_route=\/wp\/v2\/posts"}],"about":[{"href":"https:\/\/www.fuldaernachrichten.de\/index.php?rest_route=\/wp\/v2\/types\/post"}],"author":[{"embeddable":true,"href":"https:\/\/www.fuldaernachrichten.de\/index.php?rest_route=\/wp\/v2\/users\/1"}],"replies":[{"embeddable":true,"href":"https:\/\/www.fuldaernachrichten.de\/index.php?rest_route=%2Fwp%2Fv2%2Fcomments&post=123632"}],"version-history":[{"count":1,"href":"https:\/\/www.fuldaernachrichten.de\/index.php?rest_route=\/wp\/v2\/posts\/123632\/revisions"}],"predecessor-version":[{"id":123634,"href":"https:\/\/www.fuldaernachrichten.de\/index.php?rest_route=\/wp\/v2\/posts\/123632\/revisions\/123634"}],"wp:attachment":[{"href":"https:\/\/www.fuldaernachrichten.de\/index.php?rest_route=%2Fwp%2Fv2%2Fmedia&parent=123632"}],"wp:term":[{"taxonomy":"category","embeddable":true,"href":"https:\/\/www.fuldaernachrichten.de\/index.php?rest_route=%2Fwp%2Fv2%2Fcategories&post=123632"},{"taxonomy":"post_tag","embeddable":true,"href":"https:\/\/www.fuldaernachrichten.de\/index.php?rest_route=%2Fwp%2Fv2%2Ftags&post=123632"}],"curies":[{"name":"wp","href":"https:\/\/api.w.org\/{rel}","templated":true}]}}