{"id":123611,"date":"2014-05-05T00:47:29","date_gmt":"2014-05-05T00:47:29","guid":{"rendered":"http:\/\/www.fuldaer-nachrichten.de\/?p=123611"},"modified":"2014-05-05T07:50:52","modified_gmt":"2014-05-05T07:50:52","slug":"waeck-woarscht-on-wie-saison-im-weinberg-beginnt","status":"publish","type":"post","link":"https:\/\/www.fuldaernachrichten.de\/?p=123611","title":{"rendered":"W\u00e4ck Woarscht on Wie \u2013 Saison im Weinberg beginnt"},"content":{"rendered":"<p><a href=\"http:\/\/www.fuldaer-nachrichten.de\/wp-content\/uploads\/2014\/05\/DSC_0560.jpg\"><img fetchpriority=\"high\" decoding=\"async\" class=\"alignnone size-full wp-image-123614\" src=\"http:\/\/www.fuldaer-nachrichten.de\/wp-content\/uploads\/2014\/05\/DSC_0560.jpg\" alt=\"DSC_0560\" width=\"560\" height=\"360\" \/><\/a>Fulda. Am Samstag, 10. Mai um 18:30 Uhr beginnt die Saison der Weinfeste im Fuldaer Weinberg im 25. Jahr des Weinhistorischen Konventes. Auch wenn die Fuldaer Weinfreunde \u2013 wie die Winzer in ganz Deutschland noch Frost und Hagel f\u00fcrchten, sind sie doch auch froh, dass die G\u00e4ste am Samstag die neuen Austriebe bewundern k\u00f6nnen. Wie \u00fcblich gibt es die gute Bauernwurst, K\u00e4seteller, Bretzeln, K\u00e4sestangen und mehr f\u00fcr den Magen und gute Ausschlankweine \u2013 auch zwei neue Pf\u00e4lzer Weine f\u00fcr den Gaumen. Die Veranstaltungen \u2013 jeweils am 2. Samstag in den Monaten Mai bis September sind auch die Gelegenheit f\u00fcr Neugierige Wein vom Frauenberg zu genie\u00dfen. Am 14. Juni wird ja ganz gro\u00df im Rahmen des Tages der offenen G\u00e4rten am Frauenberg der 25. Geburtstag beim Rebbl\u00fctenfest gefeiert.<!--more--><\/p>\n<p>Dass es gute Weine auch sonst in Deutschland gibt, haben \u00fcber drei\u00dfig Vereinsmitglieder und Freunde am vorigen Wochenende erfahren. Eine Wein-Genussreise f\u00fchrte f\u00fcr 3 Tage an den Kaiserstuhl. Schon unterwegs &#8211; nach einer eindrucksvollen Station an der Autobahnkirche Baden-Baden \u2013 besuchten die Weinfreunde im Schloss Neuweier Robert Sch\u00e4tzle, einen jungen aufstrebenden Winzer, der auch im VdP, dem Verband der Pr\u00e4dikatswinzer engagiert ist. In Achkarren stelle das Weingut Isele pilzresistente Weine vor, also solche aus Neuz\u00fcchtungen, die den Befall etlicher Krankheiten verhindert. Diese Weine f\u00fchrten zu engagierten Fachsimpeleien \u00fcber pro und contra, Chancen und Schw\u00e4chen dieser Versuche.<\/p>\n<p><a href=\"http:\/\/www.fuldaer-nachrichten.de\/wp-content\/uploads\/2014\/05\/DSC_0418.jpg\"><img decoding=\"async\" class=\"alignleft size-thumbnail wp-image-123613\" src=\"http:\/\/www.fuldaer-nachrichten.de\/wp-content\/uploads\/2014\/05\/DSC_0418-265x176.jpg\" alt=\"DSC_0418\" width=\"265\" height=\"176\" srcset=\"https:\/\/www.fuldaernachrichten.de\/wp-content\/uploads\/2014\/05\/DSC_0418-265x176.jpg 265w, https:\/\/www.fuldaernachrichten.de\/wp-content\/uploads\/2014\/05\/DSC_0418.jpg 600w\" sizes=\"(max-width: 265px) 100vw, 265px\" \/><\/a> <a href=\"http:\/\/www.fuldaer-nachrichten.de\/wp-content\/uploads\/2014\/05\/DSC_0036.jpg\"><img decoding=\"async\" class=\"alignleft size-thumbnail wp-image-123612\" src=\"http:\/\/www.fuldaer-nachrichten.de\/wp-content\/uploads\/2014\/05\/DSC_0036-265x176.jpg\" alt=\"DSC_0036\" width=\"265\" height=\"176\" srcset=\"https:\/\/www.fuldaernachrichten.de\/wp-content\/uploads\/2014\/05\/DSC_0036-265x176.jpg 265w, https:\/\/www.fuldaernachrichten.de\/wp-content\/uploads\/2014\/05\/DSC_0036.jpg 600w\" sizes=\"(max-width: 265px) 100vw, 265px\" \/><\/a>Spannend war es, die ganz unterschiedlichen Winzertypen und Interpretationen der Kaiserst\u00fchler Weine zu erleben. Schon manchen Wein des Weinguts K\u00f6belin, Eichstetten stellten die Probemeister bei Fuldaer Weinproben vor. Das auch architektonisch durchdachte \u2013 CO\u00c2\u00b2-neutrale Weingut bot einen guten Einblick in die Wege naturnahen Weinbaus. Die Weing\u00fcter Bercher, Burkheim und Stigele in Ihringen bildeten weitere Stationen. Selbstverst\u00e4ndlich gab es neben den Weingen\u00fcssen auch entsprechende kulinarische Spezialit\u00e4ten. Die R\u00fcckfahrt f\u00fchrte \u00fcber Riquewihr der \u201eW\u00fcrttemberger-Stadt\u201c im Elsass in die S\u00fcdpfalz. Die Station im Rosenhof \u2013 eigentlich nur zur Aufnahme neuer Ausschankweine gedacht \u2013 f\u00fchrte zu weiteren Verkostungen und Eink\u00e4ufen und eine letzte St\u00e4rkung gab es im Weindorf des Landauer Maimarktes.<\/p>\n<p>Interessant anregend, zugleich auch herausfordernd war die Fahrt f\u00fcr die Teilnehmerinnen und Teilnehmer, die sich schon jetzt auf die Tagesfahrt 2015 \u2013 wohl am 1. Mai \u2013 in die Pfalz freuen.<\/p>\n","protected":false},"excerpt":{"rendered":"<div class=\"tmnf_excerpt\"><p>Fulda. Am Samstag, 10. Mai um 18:30 Uhr beginnt die Saison der Weinfeste im Fuldaer Weinberg im 25. Jahr des Weinhistorischen Konventes. Auch wenn die Fuldaer Weinfreunde \u2013 wie die Winzer in ganz Deutschland noch Frost und Hagel f\u00fcrchten, sind sie doch auch froh, dass die G\u00e4ste am Samstag die neuen Austriebe bewundern k\u00f6nnen. Wie &hellip;<\/p>\n<\/div>","protected":false},"author":1,"featured_media":0,"comment_status":"closed","ping_status":"closed","sticky":false,"template":"","format":"standard","meta":{"footnotes":""},"categories":[1,37,78],"tags":[],"class_list":["post-123611","post","type-post","status-publish","format-standard","hentry","category-startseite","category-essen-und-trinken","category-topthema"],"_links":{"self":[{"href":"https:\/\/www.fuldaernachrichten.de\/index.php?rest_route=\/wp\/v2\/posts\/123611","targetHints":{"allow":["GET"]}}],"collection":[{"href":"https:\/\/www.fuldaernachrichten.de\/index.php?rest_route=\/wp\/v2\/posts"}],"about":[{"href":"https:\/\/www.fuldaernachrichten.de\/index.php?rest_route=\/wp\/v2\/types\/post"}],"author":[{"embeddable":true,"href":"https:\/\/www.fuldaernachrichten.de\/index.php?rest_route=\/wp\/v2\/users\/1"}],"replies":[{"embeddable":true,"href":"https:\/\/www.fuldaernachrichten.de\/index.php?rest_route=%2Fwp%2Fv2%2Fcomments&post=123611"}],"version-history":[{"count":1,"href":"https:\/\/www.fuldaernachrichten.de\/index.php?rest_route=\/wp\/v2\/posts\/123611\/revisions"}],"predecessor-version":[{"id":123615,"href":"https:\/\/www.fuldaernachrichten.de\/index.php?rest_route=\/wp\/v2\/posts\/123611\/revisions\/123615"}],"wp:attachment":[{"href":"https:\/\/www.fuldaernachrichten.de\/index.php?rest_route=%2Fwp%2Fv2%2Fmedia&parent=123611"}],"wp:term":[{"taxonomy":"category","embeddable":true,"href":"https:\/\/www.fuldaernachrichten.de\/index.php?rest_route=%2Fwp%2Fv2%2Fcategories&post=123611"},{"taxonomy":"post_tag","embeddable":true,"href":"https:\/\/www.fuldaernachrichten.de\/index.php?rest_route=%2Fwp%2Fv2%2Ftags&post=123611"}],"curies":[{"name":"wp","href":"https:\/\/api.w.org\/{rel}","templated":true}]}}