{"id":123604,"date":"2014-05-05T07:44:31","date_gmt":"2014-05-05T07:44:31","guid":{"rendered":"http:\/\/www.fuldaer-nachrichten.de\/?p=123604"},"modified":"2014-05-05T07:44:31","modified_gmt":"2014-05-05T07:44:31","slug":"bremerhaven-auf-klimareise-8-ost-noch-plaetze-frei","status":"publish","type":"post","link":"https:\/\/www.fuldaernachrichten.de\/?p=123604","title":{"rendered":"Bremerhaven &#8211; auf Klimareise 8\u00c2\u00b0 Ost \/ Noch Pl\u00e4tze frei"},"content":{"rendered":"<p>Fulda. Was hei\u00dft eigentlich Klimaschutz und was hat das mit mir zu tun? Dieser Frage gehen die Teilnehmer einer Klimareise nach, die das Jugendbildungswerk des Landkreises f\u00fcr Jugendliche von 15 und 17 Jahren veranstaltet. Die Fahrt f\u00fchrt \u00fcber Pfingsten, vom 6. bis 9. Juni, nach Bremerhaven. Die Teilnahmegeb\u00fchr betr\u00e4gt einschlie\u00dflich Fahrtkosten, Unterkunft, Halbpension und Eintrittsgelder 125 Euro.<!--more--><\/p>\n<p>Im Klimahaus von Bremerhaven warten neun verschiedene Klimazonen auf die Teilnehmer \u2013 von der erfrischenden K\u00fchle auf einer Alm in der Schweiz \u00fcber die Gluthitze der Sahelzone bis zur Eisesk\u00e4lte der Antarktis. Au\u00dferdem gibt es wichtige Informationen zum Klimawandel und seinen Auswirkungen sowie Ideen und Tipps, um den eigenen Klimaschutz ganz einfach umzusetzen.<\/p>\n<p>Neben dem Klimahaus bieten sich in Bremerhaven weitere spannende Aktionen an, wie zum Beispiel das Deutsche Auswandererhaus. Hier kann man sich auf die Spuren von mehr als sieben Millionen Menschen begeben, die von Bremerhaven aus eine abenteuerliche Reise in ein neues Leben begannen. Anmeldung unter Telefon (0661)6006-498 oder -427, E-Mail <a href=\"mailto:jugend@landkreis-fulda.de\">jugend@landkreis-fulda.de<\/a>.<\/p>\n","protected":false},"excerpt":{"rendered":"<div class=\"tmnf_excerpt\"><p>Fulda. Was hei\u00dft eigentlich Klimaschutz und was hat das mit mir zu tun? Dieser Frage gehen die Teilnehmer einer Klimareise nach, die das Jugendbildungswerk des Landkreises f\u00fcr Jugendliche von 15 und 17 Jahren veranstaltet. Die Fahrt f\u00fchrt \u00fcber Pfingsten, vom 6. bis 9. Juni, nach Bremerhaven. Die Teilnahmegeb\u00fchr betr\u00e4gt einschlie\u00dflich Fahrtkosten, Unterkunft, Halbpension und Eintrittsgelder &hellip;<\/p>\n<\/div>","protected":false},"author":1,"featured_media":0,"comment_status":"closed","ping_status":"closed","sticky":false,"template":"","format":"standard","meta":{"footnotes":""},"categories":[1,53],"tags":[],"class_list":["post-123604","post","type-post","status-publish","format-standard","hentry","category-startseite","category-bildung"],"_links":{"self":[{"href":"https:\/\/www.fuldaernachrichten.de\/index.php?rest_route=\/wp\/v2\/posts\/123604","targetHints":{"allow":["GET"]}}],"collection":[{"href":"https:\/\/www.fuldaernachrichten.de\/index.php?rest_route=\/wp\/v2\/posts"}],"about":[{"href":"https:\/\/www.fuldaernachrichten.de\/index.php?rest_route=\/wp\/v2\/types\/post"}],"author":[{"embeddable":true,"href":"https:\/\/www.fuldaernachrichten.de\/index.php?rest_route=\/wp\/v2\/users\/1"}],"replies":[{"embeddable":true,"href":"https:\/\/www.fuldaernachrichten.de\/index.php?rest_route=%2Fwp%2Fv2%2Fcomments&post=123604"}],"version-history":[{"count":1,"href":"https:\/\/www.fuldaernachrichten.de\/index.php?rest_route=\/wp\/v2\/posts\/123604\/revisions"}],"predecessor-version":[{"id":123605,"href":"https:\/\/www.fuldaernachrichten.de\/index.php?rest_route=\/wp\/v2\/posts\/123604\/revisions\/123605"}],"wp:attachment":[{"href":"https:\/\/www.fuldaernachrichten.de\/index.php?rest_route=%2Fwp%2Fv2%2Fmedia&parent=123604"}],"wp:term":[{"taxonomy":"category","embeddable":true,"href":"https:\/\/www.fuldaernachrichten.de\/index.php?rest_route=%2Fwp%2Fv2%2Fcategories&post=123604"},{"taxonomy":"post_tag","embeddable":true,"href":"https:\/\/www.fuldaernachrichten.de\/index.php?rest_route=%2Fwp%2Fv2%2Ftags&post=123604"}],"curies":[{"name":"wp","href":"https:\/\/api.w.org\/{rel}","templated":true}]}}