{"id":123594,"date":"2014-05-05T07:40:08","date_gmt":"2014-05-05T07:40:08","guid":{"rendered":"http:\/\/www.fuldaer-nachrichten.de\/?p=123594"},"modified":"2014-05-05T07:40:08","modified_gmt":"2014-05-05T07:40:08","slug":"medizinstudentinnen-als-fd-botschafter","status":"publish","type":"post","link":"https:\/\/www.fuldaernachrichten.de\/?p=123594","title":{"rendered":"Medizinstudentinnen als FD-Botschafter"},"content":{"rendered":"<div id=\"attachment_123595\" style=\"width: 275px\" class=\"wp-caption alignleft\"><a href=\"http:\/\/www.fuldaer-nachrichten.de\/wp-content\/uploads\/2014\/05\/Mediziner2.jpg\"><img decoding=\"async\" aria-describedby=\"caption-attachment-123595\" class=\"size-thumbnail wp-image-123595\" src=\"http:\/\/www.fuldaer-nachrichten.de\/wp-content\/uploads\/2014\/05\/Mediziner2-265x175.jpg\" alt=\"(von link) Erster Kreisbeigeordneter Dr. Heiko Wingenfeld, Regine Henkel, Luisa Fl\u00fcgel und Dr. Ralph H\u00f6nscher.\" width=\"265\" height=\"175\" srcset=\"https:\/\/www.fuldaernachrichten.de\/wp-content\/uploads\/2014\/05\/Mediziner2-265x175.jpg 265w, https:\/\/www.fuldaernachrichten.de\/wp-content\/uploads\/2014\/05\/Mediziner2.jpg 600w\" sizes=\"(max-width: 265px) 100vw, 265px\" \/><\/a><p id=\"caption-attachment-123595\" class=\"wp-caption-text\">(von link) Erster Kreisbeigeordneter Dr. Heiko Wingenfeld, Regine Henkel, Luisa Fl\u00fcgel und Dr. Ralph H\u00f6nscher.<\/p><\/div>\n<p>Fulda. Der Landkreis Fulda begegnet dem drohenden Medizinermangel mit Eigeninitiative. Erster Kreisbeigeordneter Dr. Heiko Wingenfeld lud jetzt wieder zu einer Informationsveranstaltung \u00fcber das Medizinstudium im Ausland, insbesondere in Ungarn und England ein. Mehr als 50 Interessenten waren der Einladung in den gro\u00dfen Sitzungssaal des Kreishauses gefolgt.<!--more--><\/p>\n<p>Der Fuldaer Mediziner Ralph H\u00f6nscher berichtete von seinen Erfahrungen w\u00e4hrend des deutschsprachigen Medizinstudiums an der Semmelweis Universit\u00e4t in Budapest. Die Medizinstudentinnen Luisa Fl\u00fcgel und Regine Henkel gaben erste Eindr\u00fccke von Ihrem Studium an der Kassel School of Medicine wieder, sie haben dort im Wintersemester 2013 ein vom Landkreis Fulda gef\u00f6rdertes Studium begonnen. Die Ausbildung erfolgt in Kooperation mit einer Universit\u00e4t im englischen Southampton und dort auch in englischer Sprache.<\/p>\n<p>Erster Kreisbeigeordneter Dr. Heiko Wingenfeld lie\u00df es sich nicht nehmen den Referenten mit einem Fuldaer Rucksack zu danken. Er w\u00fcnschte sich, dass die beiden Studentinnen in England auch als begeisterte Botschafter der Region Fulda auftreten.<\/p>\n<p>&nbsp;<\/p>\n<p>&nbsp;<\/p>\n","protected":false},"excerpt":{"rendered":"<div class=\"tmnf_excerpt\"><p>Fulda. Der Landkreis Fulda begegnet dem drohenden Medizinermangel mit Eigeninitiative. Erster Kreisbeigeordneter Dr. Heiko Wingenfeld lud jetzt wieder zu einer Informationsveranstaltung \u00fcber das Medizinstudium im Ausland, insbesondere in Ungarn und England ein. Mehr als 50 Interessenten waren der Einladung in den gro\u00dfen Sitzungssaal des Kreishauses gefolgt.<\/p>\n<\/div>","protected":false},"author":1,"featured_media":0,"comment_status":"closed","ping_status":"closed","sticky":false,"template":"","format":"standard","meta":{"footnotes":""},"categories":[1,51],"tags":[],"class_list":["post-123594","post","type-post","status-publish","format-standard","hentry","category-startseite","category-medizin"],"_links":{"self":[{"href":"https:\/\/www.fuldaernachrichten.de\/index.php?rest_route=\/wp\/v2\/posts\/123594","targetHints":{"allow":["GET"]}}],"collection":[{"href":"https:\/\/www.fuldaernachrichten.de\/index.php?rest_route=\/wp\/v2\/posts"}],"about":[{"href":"https:\/\/www.fuldaernachrichten.de\/index.php?rest_route=\/wp\/v2\/types\/post"}],"author":[{"embeddable":true,"href":"https:\/\/www.fuldaernachrichten.de\/index.php?rest_route=\/wp\/v2\/users\/1"}],"replies":[{"embeddable":true,"href":"https:\/\/www.fuldaernachrichten.de\/index.php?rest_route=%2Fwp%2Fv2%2Fcomments&post=123594"}],"version-history":[{"count":1,"href":"https:\/\/www.fuldaernachrichten.de\/index.php?rest_route=\/wp\/v2\/posts\/123594\/revisions"}],"predecessor-version":[{"id":123596,"href":"https:\/\/www.fuldaernachrichten.de\/index.php?rest_route=\/wp\/v2\/posts\/123594\/revisions\/123596"}],"wp:attachment":[{"href":"https:\/\/www.fuldaernachrichten.de\/index.php?rest_route=%2Fwp%2Fv2%2Fmedia&parent=123594"}],"wp:term":[{"taxonomy":"category","embeddable":true,"href":"https:\/\/www.fuldaernachrichten.de\/index.php?rest_route=%2Fwp%2Fv2%2Fcategories&post=123594"},{"taxonomy":"post_tag","embeddable":true,"href":"https:\/\/www.fuldaernachrichten.de\/index.php?rest_route=%2Fwp%2Fv2%2Ftags&post=123594"}],"curies":[{"name":"wp","href":"https:\/\/api.w.org\/{rel}","templated":true}]}}