{"id":123585,"date":"2014-05-03T07:49:52","date_gmt":"2014-05-03T07:49:52","guid":{"rendered":"http:\/\/www.fuldaer-nachrichten.de\/?p=123585"},"modified":"2014-05-03T07:50:15","modified_gmt":"2014-05-03T07:50:15","slug":"123585","status":"publish","type":"post","link":"https:\/\/www.fuldaernachrichten.de\/?p=123585","title":{"rendered":"Praktischer Unterricht im Klinikum Fulda"},"content":{"rendered":"<p><a href=\"http:\/\/www.fuldaer-nachrichten.de\/wp-content\/uploads\/2014\/05\/Eduartd-Stieler-Schule-zu-Besuch-im-KLinikum_DSC_4380.jpg\"><img decoding=\"async\" class=\"alignleft size-thumbnail wp-image-123586\" src=\"http:\/\/www.fuldaer-nachrichten.de\/wp-content\/uploads\/2014\/05\/Eduartd-Stieler-Schule-zu-Besuch-im-KLinikum_DSC_4380-265x175.jpg\" alt=\"Eduartd-Stieler-Schule zu Besuch im KLinikum_DSC_4380\" width=\"265\" height=\"175\" srcset=\"https:\/\/www.fuldaernachrichten.de\/wp-content\/uploads\/2014\/05\/Eduartd-Stieler-Schule-zu-Besuch-im-KLinikum_DSC_4380-265x175.jpg 265w, https:\/\/www.fuldaernachrichten.de\/wp-content\/uploads\/2014\/05\/Eduartd-Stieler-Schule-zu-Besuch-im-KLinikum_DSC_4380.jpg 600w\" sizes=\"(max-width: 265px) 100vw, 265px\" \/><\/a>Fulda. \u201eSchule einmal praktisch und au\u00dferhalb des Klassenzimmers\u201c war die Intention, die in Kooperation mit dem Klinikum Fulda und der Eduard-Stieler-Schule in einer dreit\u00e4gigen Vortragsreihe durchgef\u00fchrt wurde. Medizinische Fachangestellte unterschiedlicher Ausbildungsjahre, Pharmazeutisch-Kaufm\u00e4nnische-Angestellte und Sch\u00fcler\/-innen der zweij\u00e4hrigen Fachoberschule mit dem Schwerpunkt Gesundheit bekamen die Gelegenheit, von Experten eines Krankenhauses der Maximalversorgung Themenschwerpunkte der Medizin praxisnah kennen zu lernen.<!--more--><\/p>\n<p>Dr. Annette Freidank, Apothekerin f\u00fcr Klinische Pharmazie am Klinikum Fulda informierte \u00fcber den \u201eSinnvollen Einsatz von Analgetika bei chronischen Schmerzen\u201c. Dabei lernten die Sch\u00fcler\/-innen ausgehend von der Definition \u201eWas ist ein Schmerz, der Schmerz ein Warnsignal\u201c, die unterschiedlichen Schmerztherapien, das, WHO-Schema\u00ca\u00bb mit Arzneimittelgruppen und Nebenwirkungen sowie den Einsatz von Analgetika kennen.<\/p>\n<p>Im Vortrag \u201eNotfallmedizin &#8211; Organisation im Klinikum Fulda\u201c, stellte der Notfallkoordinator Dittmar Happel die aufw\u00e4ndig, minuti\u00f6s geplante Organisationsstruktur der Notaufnahme vor. Fragen: \u201eWie l\u00e4sst sich der Ablaufplan in der Notaufnahme verbessern?\u201c, \u201eSind Wartezeiten zu minimieren?\u201c &#8211; zum Beispiel durch RFID-Patientenarmb\u00e4nder, die direkt mit der Klinik-Software kommunizieren &#8211; vermittelte den interessierten jungen Frauen und M\u00e4nnern einen Einblick und auch mehr Verst\u00e4ndnis f\u00fcr zu lang empfundene Wartezeiten.<\/p>\n<p>Die praktische Arbeit im Herzkathederlabor veranschaulichte Ober\u00e4rztin Dr. Margit Niethammer anhand eines Vortrags. Neben Details zur ,Interventionellen Kardiologie\u201c, verschiedenen Herzkatheterverfahren und wichtigen Details zu koronaren Herzerkrankungen stellte die Ober\u00e4rztin unterschiedliche Therapieoptionen vor. Digital unterst\u00fctzte Bilder zu Gef\u00e4\u00df-Untersuchungen und Behandlungsm\u00f6glichkeiten, wie Ballondilatation sowie der Einsatz von Stents beeindruckten nicht nur die Sch\u00fcler\/-innen, sondern auch die f\u00fcnf teilnehmenden P\u00e4dagoginnen.<\/p>\n<p>Studiendirektorin Angelika Bott-Werner bedankte sich bei den Referentinnen und dem Referenten f\u00fcr Einblicke in Fachgebiete der Medizin, die die Schule im Unterricht so praxisnah und anschaulich nicht vermitteln kann. \u201eDie Kooperation mit dem Klinikum, eine so gut vorbereitete und die Sch\u00fcler mitnehmende Vortagsreihe sollten wir auf jeden Fall fortsetzen\u201c, \u00e4u\u00dferten Bott-Werner und Oberstudienr\u00e4tin Kornelia Brassel-Barth.<\/p>\n","protected":false},"excerpt":{"rendered":"<div class=\"tmnf_excerpt\"><p>Fulda. \u201eSchule einmal praktisch und au\u00dferhalb des Klassenzimmers\u201c war die Intention, die in Kooperation mit dem Klinikum Fulda und der Eduard-Stieler-Schule in einer dreit\u00e4gigen Vortragsreihe durchgef\u00fchrt wurde. Medizinische Fachangestellte unterschiedlicher Ausbildungsjahre, Pharmazeutisch-Kaufm\u00e4nnische-Angestellte und Sch\u00fcler\/-innen der zweij\u00e4hrigen Fachoberschule mit dem Schwerpunkt Gesundheit bekamen die Gelegenheit, von Experten eines Krankenhauses der Maximalversorgung Themenschwerpunkte der Medizin praxisnah kennen &hellip;<\/p>\n<\/div>","protected":false},"author":1,"featured_media":0,"comment_status":"closed","ping_status":"closed","sticky":false,"template":"","format":"standard","meta":{"footnotes":""},"categories":[1,51],"tags":[],"class_list":["post-123585","post","type-post","status-publish","format-standard","hentry","category-startseite","category-medizin"],"_links":{"self":[{"href":"https:\/\/www.fuldaernachrichten.de\/index.php?rest_route=\/wp\/v2\/posts\/123585","targetHints":{"allow":["GET"]}}],"collection":[{"href":"https:\/\/www.fuldaernachrichten.de\/index.php?rest_route=\/wp\/v2\/posts"}],"about":[{"href":"https:\/\/www.fuldaernachrichten.de\/index.php?rest_route=\/wp\/v2\/types\/post"}],"author":[{"embeddable":true,"href":"https:\/\/www.fuldaernachrichten.de\/index.php?rest_route=\/wp\/v2\/users\/1"}],"replies":[{"embeddable":true,"href":"https:\/\/www.fuldaernachrichten.de\/index.php?rest_route=%2Fwp%2Fv2%2Fcomments&post=123585"}],"version-history":[{"count":2,"href":"https:\/\/www.fuldaernachrichten.de\/index.php?rest_route=\/wp\/v2\/posts\/123585\/revisions"}],"predecessor-version":[{"id":123588,"href":"https:\/\/www.fuldaernachrichten.de\/index.php?rest_route=\/wp\/v2\/posts\/123585\/revisions\/123588"}],"wp:attachment":[{"href":"https:\/\/www.fuldaernachrichten.de\/index.php?rest_route=%2Fwp%2Fv2%2Fmedia&parent=123585"}],"wp:term":[{"taxonomy":"category","embeddable":true,"href":"https:\/\/www.fuldaernachrichten.de\/index.php?rest_route=%2Fwp%2Fv2%2Fcategories&post=123585"},{"taxonomy":"post_tag","embeddable":true,"href":"https:\/\/www.fuldaernachrichten.de\/index.php?rest_route=%2Fwp%2Fv2%2Ftags&post=123585"}],"curies":[{"name":"wp","href":"https:\/\/api.w.org\/{rel}","templated":true}]}}