{"id":123569,"date":"2014-05-03T07:40:06","date_gmt":"2014-05-03T07:40:06","guid":{"rendered":"http:\/\/www.fuldaer-nachrichten.de\/?p=123569"},"modified":"2014-05-03T07:40:06","modified_gmt":"2014-05-03T07:40:06","slug":"sperrungen-anlaesslich-der-messe-rettmobil-3","status":"publish","type":"post","link":"https:\/\/www.fuldaernachrichten.de\/?p=123569","title":{"rendered":"Sperrungen anl\u00e4sslich der Messe \u201eRETTmobil\u201c"},"content":{"rendered":"<p>Fulda. Anl\u00e4sslich der Messe \u201eRETTmobil\u201c auf dem Messegel\u00e4nde im Stadtteil Fulda-Galerie werden die Wolf-Hirth-Stra\u00dfe zwischen dem Kreisverkehrsplatz und der Emil-Nolde-Allee in Fahrtrichtung Sickels und die Ernst-Barlach-Stra\u00dfe in Fahrtrichtung Paul-Klee-Stra\u00dfe von Mittwoch, 14. Mai 2014 bis einschlie\u00dflich Freitag, 16. Mai 2014, als Einbahnstra\u00dfe ausgewiesen. Aus Richtung Sickels kommend erfolgt die beschilderte Zufahrt zum Messegel\u00e4nde \u00fcber die Strecke Sickelser Stra\u00dfe \u2013 Verbindungsstra\u00dfe zum Messegel\u00e4nde. Verkehrsteilnehmern in Richtung Haimbach bzw. in Richtung Sickels wird empfohlen, als Umfahrung den \u201eWestring\u201c zu nutzen, da rund um das Messegel\u00e4nde mit Behinderungen gerechnet werden muss.<\/p>\n","protected":false},"excerpt":{"rendered":"<div class=\"tmnf_excerpt\"><p>Fulda. Anl\u00e4sslich der Messe \u201eRETTmobil\u201c auf dem Messegel\u00e4nde im Stadtteil Fulda-Galerie werden die Wolf-Hirth-Stra\u00dfe zwischen dem Kreisverkehrsplatz und der Emil-Nolde-Allee in Fahrtrichtung Sickels und die Ernst-Barlach-Stra\u00dfe in Fahrtrichtung Paul-Klee-Stra\u00dfe von Mittwoch, 14. Mai 2014 bis einschlie\u00dflich Freitag, 16. Mai 2014, als Einbahnstra\u00dfe ausgewiesen. Aus Richtung Sickels kommend erfolgt die beschilderte Zufahrt zum Messegel\u00e4nde \u00fcber die &hellip;<\/p>\n<\/div>","protected":false},"author":1,"featured_media":0,"comment_status":"closed","ping_status":"closed","sticky":false,"template":"","format":"standard","meta":{"footnotes":""},"categories":[1,35],"tags":[],"class_list":["post-123569","post","type-post","status-publish","format-standard","hentry","category-startseite","category-auto"],"_links":{"self":[{"href":"https:\/\/www.fuldaernachrichten.de\/index.php?rest_route=\/wp\/v2\/posts\/123569","targetHints":{"allow":["GET"]}}],"collection":[{"href":"https:\/\/www.fuldaernachrichten.de\/index.php?rest_route=\/wp\/v2\/posts"}],"about":[{"href":"https:\/\/www.fuldaernachrichten.de\/index.php?rest_route=\/wp\/v2\/types\/post"}],"author":[{"embeddable":true,"href":"https:\/\/www.fuldaernachrichten.de\/index.php?rest_route=\/wp\/v2\/users\/1"}],"replies":[{"embeddable":true,"href":"https:\/\/www.fuldaernachrichten.de\/index.php?rest_route=%2Fwp%2Fv2%2Fcomments&post=123569"}],"version-history":[{"count":1,"href":"https:\/\/www.fuldaernachrichten.de\/index.php?rest_route=\/wp\/v2\/posts\/123569\/revisions"}],"predecessor-version":[{"id":123570,"href":"https:\/\/www.fuldaernachrichten.de\/index.php?rest_route=\/wp\/v2\/posts\/123569\/revisions\/123570"}],"wp:attachment":[{"href":"https:\/\/www.fuldaernachrichten.de\/index.php?rest_route=%2Fwp%2Fv2%2Fmedia&parent=123569"}],"wp:term":[{"taxonomy":"category","embeddable":true,"href":"https:\/\/www.fuldaernachrichten.de\/index.php?rest_route=%2Fwp%2Fv2%2Fcategories&post=123569"},{"taxonomy":"post_tag","embeddable":true,"href":"https:\/\/www.fuldaernachrichten.de\/index.php?rest_route=%2Fwp%2Fv2%2Ftags&post=123569"}],"curies":[{"name":"wp","href":"https:\/\/api.w.org\/{rel}","templated":true}]}}