{"id":123520,"date":"2014-05-02T05:40:35","date_gmt":"2014-05-02T05:40:35","guid":{"rendered":"http:\/\/www.fuldaer-nachrichten.de\/?p=123520"},"modified":"2014-05-02T05:40:35","modified_gmt":"2014-05-02T05:40:35","slug":"pfarrer-paul-braehler-wird-80-jahre","status":"publish","type":"post","link":"https:\/\/www.fuldaernachrichten.de\/?p=123520","title":{"rendered":"Pfarrer Paul Br\u00e4hler wird 80 Jahre"},"content":{"rendered":"<p><a href=\"http:\/\/www.fuldaer-nachrichten.de\/wp-content\/uploads\/2014\/05\/Br\u00e4hler_Paul.jpg\"><img fetchpriority=\"high\" decoding=\"async\" class=\"alignleft size-thumbnail wp-image-123521\" src=\"http:\/\/www.fuldaer-nachrichten.de\/wp-content\/uploads\/2014\/05\/Br\u00e4hler_Paul-265x400.jpg\" alt=\"Br\u00e4hler_Paul\" width=\"265\" height=\"400\" \/><\/a>Fulda (bpf). Am 6. Mai vollendet Pfarrer i. R. Geistlicher Rat Paul Br\u00e4hler sein 80. Lebensjahr. Er wurde 1934 in Almendorf geboren. 1955 legte er am Domgymnasium in Fulda sein Abitur ab. Danach folgten philosophisch-theologische Studien in Fulda, Innsbruck und M\u00fcnchen. Die Priesterweihe empfing Br\u00e4hler am 25. M\u00e4rz 1961 im Fuldaer Dom durch Bischof Dr. Adolf Bolte. Zun\u00e4chst war er dann als Kaplan in Gro\u00dfenl\u00fcder t\u00e4tig. 1965 wurde er Kaplan und drei Jahre sp\u00e4ter Pfarrverweser in Fritzlar. <!--more--><\/p>\n<p>Dem folgte im Oktober 1968 die Anstellung als Pfarrer in Homberg\/Efze. Ab August 1986 war er als Pfarrer von Kleinsassen auch zust\u00e4ndig f\u00fcr die St.-Gangolfs-Kapelle auf der Milseburg und die dort stattfindenden Festgottesdienste, die besonders am Pfingstmontag und am Schutzengelfest von \u00fcber 2.000 Gl\u00e4ubigen aus dem Fuldaer, H\u00fcnfelder und Geisaer Land mitgefeiert wurden. In Kleinsassen war Pfarrer Br\u00e4hler bis zu seinem Eintritt in den Ruhestand im August 2006 t\u00e4tig und wirkte zugleich auch zehn Jahre als Pfarradministrator in Elters. Er war von 1979 bis 1984 stellvertretender Dechant des damaligen Dekanates Fritzlar und von 1986 bis 1996 des fr\u00fcheren Dekanates Margretenhaun, bevor er im M\u00e4rz 1996 zum Dechanten dieses Dekanates ernannt wurde.<\/p>\n<p>Erzbischof Dr. Johannes Dyba ernannte ihn im Dezember 1989 zum Geistlichen Rat. Des Weiteren war Pfarrer Br\u00e4hler von 1993 bis 2002 Mitglied im Priesterrat der Di\u00f6zese. Pfarrer Br\u00e4hler hilft heute in der Seelsorge in Borsch und Bermbach aus.<\/p>\n","protected":false},"excerpt":{"rendered":"<div class=\"tmnf_excerpt\"><p>Fulda (bpf). Am 6. Mai vollendet Pfarrer i. R. Geistlicher Rat Paul Br\u00e4hler sein 80. Lebensjahr. Er wurde 1934 in Almendorf geboren. 1955 legte er am Domgymnasium in Fulda sein Abitur ab. Danach folgten philosophisch-theologische Studien in Fulda, Innsbruck und M\u00fcnchen. Die Priesterweihe empfing Br\u00e4hler am 25. M\u00e4rz 1961 im Fuldaer Dom durch Bischof Dr. &hellip;<\/p>\n<\/div>","protected":false},"author":1,"featured_media":0,"comment_status":"closed","ping_status":"closed","sticky":false,"template":"","format":"standard","meta":{"footnotes":""},"categories":[1,50],"tags":[],"class_list":["post-123520","post","type-post","status-publish","format-standard","hentry","category-startseite","category-kirche"],"_links":{"self":[{"href":"https:\/\/www.fuldaernachrichten.de\/index.php?rest_route=\/wp\/v2\/posts\/123520","targetHints":{"allow":["GET"]}}],"collection":[{"href":"https:\/\/www.fuldaernachrichten.de\/index.php?rest_route=\/wp\/v2\/posts"}],"about":[{"href":"https:\/\/www.fuldaernachrichten.de\/index.php?rest_route=\/wp\/v2\/types\/post"}],"author":[{"embeddable":true,"href":"https:\/\/www.fuldaernachrichten.de\/index.php?rest_route=\/wp\/v2\/users\/1"}],"replies":[{"embeddable":true,"href":"https:\/\/www.fuldaernachrichten.de\/index.php?rest_route=%2Fwp%2Fv2%2Fcomments&post=123520"}],"version-history":[{"count":1,"href":"https:\/\/www.fuldaernachrichten.de\/index.php?rest_route=\/wp\/v2\/posts\/123520\/revisions"}],"predecessor-version":[{"id":123522,"href":"https:\/\/www.fuldaernachrichten.de\/index.php?rest_route=\/wp\/v2\/posts\/123520\/revisions\/123522"}],"wp:attachment":[{"href":"https:\/\/www.fuldaernachrichten.de\/index.php?rest_route=%2Fwp%2Fv2%2Fmedia&parent=123520"}],"wp:term":[{"taxonomy":"category","embeddable":true,"href":"https:\/\/www.fuldaernachrichten.de\/index.php?rest_route=%2Fwp%2Fv2%2Fcategories&post=123520"},{"taxonomy":"post_tag","embeddable":true,"href":"https:\/\/www.fuldaernachrichten.de\/index.php?rest_route=%2Fwp%2Fv2%2Ftags&post=123520"}],"curies":[{"name":"wp","href":"https:\/\/api.w.org\/{rel}","templated":true}]}}